{"id":4445,"date":"2023-10-09T13:21:25","date_gmt":"2023-10-09T11:21:25","guid":{"rendered":"https:\/\/www.ordpsicobas.it\/home\/?p=4445"},"modified":"2023-10-09T13:21:27","modified_gmt":"2023-10-09T11:21:27","slug":"giornata-nazionale-della-psicologia-2023","status":"publish","type":"post","link":"https:\/\/www.ordpsicobas.it\/home\/giornata-nazionale-della-psicologia-2023\/","title":{"rendered":"Giornata Nazionale della Psicologia 2023"},"content":{"rendered":"\n<p>Una edizione dal forte valore simbolico, quella della<strong> Giornata Nazionale della Psicologia 2023<\/strong>, che si pone un quesito fondante:<strong> \u201cQuale equit\u00e0 sociale per i bisogni psicologici?\u201d<\/strong>. <br>Ed \u00e8 proprio intorno al concetto di giustizia sociale che l\u2019<em>Ordine degli Psicologi della Basilicata<\/em> ha inteso declinare il tema annuale, proponendo un momento di riflessione, attraverso la matrice dell\u2019arte, che sar\u00e0 ospitato il prossimo <strong>13 ottobre<\/strong>, alle <strong>ore 17.30<\/strong>, nella suggestiva location della <strong>Cappella dei Celestini<\/strong>, in<br>Largo Duomo a Potenza, con due protagonisti e testimonial d\u2019eccezione, gli attori <strong>Luca Morelli <\/strong>e <strong>Dino Paradiso<\/strong>.<br><br>&lt;&lt;<em>Occorre ricordare che solo un giovane su dieci, con difficolt\u00e0, riceve un aiuto pubblico, che solo una persona su cinque, con tumore riceve un sostegno psicologico pubblico e che il 9% della popolazione dichiara che ha dovuto rinunciare allo psicologo, per problemi economici. In Italia, inoltre, l\u201980% delle situazioni di disagio rimangono inascoltate e la met\u00e0 di queste si trasforma in criticit\u00e0 sociali, comportamentali, dipendenze e malattie. La mancanza di presidi psicologici, in tutti gli ambiti, dalla scuola alla sanit\u00e0, e quindi di una politica pubblica lungimirante che ancora non promuove la cultura della prevenzione e del benessere psicologico, lascia la popolazione in assenza di servizi, e rischia di impedire a ogni cittadino di poter esercitare il proprio diritto alla cura<\/em>>>- ha sottolineato la presidente dell\u2019Ordine<br>lucano, la dott.ssa Luisa Langone.<\/p>\n\n\n\n<p><br>&lt;&lt;<em>L\u2019Ordine degli Psicologi della Basilicata ha deciso di rappresentare il disagio psicologico, attraverso il linguaggio dell\u2019arte e dello spettacolo, per trasmettere l\u2019esigenza condivisa di ascolto e di intervento, diventata ormai un\u2019emergenza sociale. La performance teatrale far\u00e0 emergere, in maniera evidente, l\u2019assenza di un presidio pubblico e di un\u2019assistenza psicologica strutturata e, quindi, a supporto dei cittadini nella vita quotidiana. La scelta della forma e del linguaggio pi\u00f9 adeguati sar\u00e0 affidata<br>agli artisti coinvolti, Luca Morelli e Dino Paradiso, che grazie alla loro sensibilit\u00e0 sapranno portare in scena il messaggio<\/em>>>. - ha spiegato la dott.ssa Costanza Galante, consigliere segretario dell\u2019Ordine e organizzatrice dell\u2019iniziativa.<\/p>\n\n\n\n<figure class=\"wp-block-image size-full\"><a href=\"https:\/\/www.ordpsicobas.it\/home\/wp-content\/uploads\/2023\/10\/Locandina-Giornata-Nazionale-Psicologia-2023-1-1.jpg\"><img loading=\"lazy\" decoding=\"async\" width=\"1587\" height=\"2245\" src=\"https:\/\/www.ordpsicobas.it\/home\/wp-content\/uploads\/2023\/10\/Locandina-Giornata-Nazionale-Psicologia-2023-1-1.jpg\" alt=\"\" class=\"wp-image-4447\" srcset=\"https:\/\/www.ordpsicobas.it\/home\/wp-content\/uploads\/2023\/10\/Locandina-Giornata-Nazionale-Psicologia-2023-1-1.jpg 1587w, https:\/\/www.ordpsicobas.it\/home\/wp-content\/uploads\/2023\/10\/Locandina-Giornata-Nazionale-Psicologia-2023-1-1-212x300.jpg 212w, https:\/\/www.ordpsicobas.it\/home\/wp-content\/uploads\/2023\/10\/Locandina-Giornata-Nazionale-Psicologia-2023-1-1-768x1086.jpg 768w, https:\/\/www.ordpsicobas.it\/home\/wp-content\/uploads\/2023\/10\/Locandina-Giornata-Nazionale-Psicologia-2023-1-1-724x1024.jpg 724w, https:\/\/www.ordpsicobas.it\/home\/wp-content\/uploads\/2023\/10\/Locandina-Giornata-Nazionale-Psicologia-2023-1-1-1086x1536.jpg 1086w, https:\/\/www.ordpsicobas.it\/home\/wp-content\/uploads\/2023\/10\/Locandina-Giornata-Nazionale-Psicologia-2023-1-1-1448x2048.jpg 1448w, https:\/\/www.ordpsicobas.it\/home\/wp-content\/uploads\/2023\/10\/Locandina-Giornata-Nazionale-Psicologia-2023-1-1-106x150.jpg 106w\" sizes=\"(max-width: 1587px) 100vw, 1587px\" \/><\/a><\/figure>\n","protected":false},"excerpt":{"rendered":"<p>Una edizione dal forte valore simbolico, quella della Giornata Nazionale della Psicologia 2023, che si pone un quesito fondante: \u201cQuale equit\u00e0 sociale per i bisogni psicologici?\u201d. Ed \u00e8 proprio intorno al concetto di giustizia sociale che l\u2019Ordine degli Psicologi della Basilicata ha inteso declinare il tema annuale, proponendo un momento di riflessione, attraverso la matrice [&hellip;]<\/p>\n","protected":false},"author":1,"featured_media":4446,"comment_status":"closed","ping_status":"closed","sticky":false,"template":"","format":"standard","meta":{"footnotes":""},"categories":[1],"tags":[],"class_list":["post-4445","post","type-post","status-publish","format-standard","has-post-thumbnail","hentry","category-eventi"],"_links":{"self":[{"href":"https:\/\/www.ordpsicobas.it\/home\/wp-json\/wp\/v2\/posts\/4445","targetHints":{"allow":["GET"]}}],"collection":[{"href":"https:\/\/www.ordpsicobas.it\/home\/wp-json\/wp\/v2\/posts"}],"about":[{"href":"https:\/\/www.ordpsicobas.it\/home\/wp-json\/wp\/v2\/types\/post"}],"author":[{"embeddable":true,"href":"https:\/\/www.ordpsicobas.it\/home\/wp-json\/wp\/v2\/users\/1"}],"replies":[{"embeddable":true,"href":"https:\/\/www.ordpsicobas.it\/home\/wp-json\/wp\/v2\/comments?post=4445"}],"version-history":[{"count":1,"href":"https:\/\/www.ordpsicobas.it\/home\/wp-json\/wp\/v2\/posts\/4445\/revisions"}],"predecessor-version":[{"id":4448,"href":"https:\/\/www.ordpsicobas.it\/home\/wp-json\/wp\/v2\/posts\/4445\/revisions\/4448"}],"wp:featuredmedia":[{"embeddable":true,"href":"https:\/\/www.ordpsicobas.it\/home\/wp-json\/wp\/v2\/media\/4446"}],"wp:attachment":[{"href":"https:\/\/www.ordpsicobas.it\/home\/wp-json\/wp\/v2\/media?parent=4445"}],"wp:term":[{"taxonomy":"category","embeddable":true,"href":"https:\/\/www.ordpsicobas.it\/home\/wp-json\/wp\/v2\/categories?post=4445"},{"taxonomy":"post_tag","embeddable":true,"href":"https:\/\/www.ordpsicobas.it\/home\/wp-json\/wp\/v2\/tags?post=4445"}],"curies":[{"name":"wp","href":"https:\/\/api.w.org\/{rel}","templated":true}]}}