{"id":4265,"date":"2022-09-28T09:02:47","date_gmt":"2022-09-28T07:02:47","guid":{"rendered":"http:\/\/www.ordpsicobas.it\/home\/?p=4265"},"modified":"2022-09-28T09:02:47","modified_gmt":"2022-09-28T07:02:47","slug":"al-via-la-seconda-edizione-del-premio-giovanna-pastoressa","status":"publish","type":"post","link":"https:\/\/www.ordpsicobas.it\/home\/al-via-la-seconda-edizione-del-premio-giovanna-pastoressa\/","title":{"rendered":"Al via la seconda edizione del premio &#8220;Giovanna Pastoressa&#8221;"},"content":{"rendered":"<p>L\u2019<em>Ordine degli Psicologi della Basilicata<\/em> ha promosso la seconda edizione del <strong>\u201cPremio Giovanna Pastoressa\u201d<\/strong>, dedicato alla memoria della giovane collega prematuramente scomparsa, ricordata per la sua professionalit\u00e0 e le sue spiccate doti umane, caratterizzate da cordialit\u00e0, gentilezza, vitalit\u00e0 ed entusiasmo.<\/p>\n<p>Il Bando \u00e8 rivolto ai professionisti della Basilicata, iscritti all\u2019Ordine da 7 anni e si propone di coinvolgerli nel partecipare a una iniziativa che riguarda lo scritto di una tesi di specializzazione o di tesi di laurea, di un master di perfezionamento su tematiche care alla dott.ssa Giovanna Pastoressa; dalla psicologia scolastica e l\u2019apprendimento alla psicologia dello sport, dall\u2019alimentazione e le patologie relative ai comportamenti alimentari; dalla resilienza, alla parit\u00e0 di genere e alla non violenza.<\/p>\n<p>\u201cUna iniziativa di sostegno concreto per i giovani colleghi \u2013 ha commentato la presidente dell\u2019Ordine lucano, la dott.ssa Luisa Langone- nonch\u00e9 un modo tangibile per accompagnarli nel loro avvio alla professione\u201d.<\/p>\n<p>Il\/la Candidato\/a dovr\u00e0 presentare il lavoro, entro 60 giorni dalla pubblicazione del bando; l\u2019elaborato che si classificher\u00e0 primo avr\u00e0 il riconoscimento in denaro, pari a 1000,00 con targa, 500,00 euro andranno al secondo classificato con relativa medaglia, 300,00 euro, infine, al terzo classificato con una medaglia. Tutti i partecipanti non vincenti, saranno comunque omaggiati di una medaglia ricordo. La consegna avverr\u00e0 in un incontro pubblico, organizzato dall\u2019<em>Ordine degli Psicologi della Basilicata<\/em>, entro il mese di gennaio 2023. I lavori saranno valutati secondo i parametri di f<strong>orma, contenuto, completezza, originalit\u00e0 e<\/strong><br \/>\n<strong>fluidit\u00e0.<\/strong><\/p>\n","protected":false},"excerpt":{"rendered":"<p>L\u2019Ordine degli Psicologi della Basilicata ha promosso la seconda edizione del \u201cPremio Giovanna Pastoressa\u201d, dedicato alla memoria della giovane collega prematuramente scomparsa, ricordata per la sua professionalit\u00e0 e le sue spiccate doti umane, caratterizzate da cordialit\u00e0, gentilezza, vitalit\u00e0 ed entusiasmo. Il Bando \u00e8 rivolto ai professionisti della Basilicata, iscritti all\u2019Ordine da 7 anni e si [&hellip;]<\/p>\n","protected":false},"author":1,"featured_media":4266,"comment_status":"closed","ping_status":"closed","sticky":false,"template":"","format":"standard","meta":{"footnotes":""},"categories":[48,50],"tags":[],"class_list":["post-4265","post","type-post","status-publish","format-standard","has-post-thumbnail","hentry","category-attivita-del-consiglio","category-varie"],"_links":{"self":[{"href":"https:\/\/www.ordpsicobas.it\/home\/wp-json\/wp\/v2\/posts\/4265","targetHints":{"allow":["GET"]}}],"collection":[{"href":"https:\/\/www.ordpsicobas.it\/home\/wp-json\/wp\/v2\/posts"}],"about":[{"href":"https:\/\/www.ordpsicobas.it\/home\/wp-json\/wp\/v2\/types\/post"}],"author":[{"embeddable":true,"href":"https:\/\/www.ordpsicobas.it\/home\/wp-json\/wp\/v2\/users\/1"}],"replies":[{"embeddable":true,"href":"https:\/\/www.ordpsicobas.it\/home\/wp-json\/wp\/v2\/comments?post=4265"}],"version-history":[{"count":1,"href":"https:\/\/www.ordpsicobas.it\/home\/wp-json\/wp\/v2\/posts\/4265\/revisions"}],"predecessor-version":[{"id":4267,"href":"https:\/\/www.ordpsicobas.it\/home\/wp-json\/wp\/v2\/posts\/4265\/revisions\/4267"}],"wp:featuredmedia":[{"embeddable":true,"href":"https:\/\/www.ordpsicobas.it\/home\/wp-json\/wp\/v2\/media\/4266"}],"wp:attachment":[{"href":"https:\/\/www.ordpsicobas.it\/home\/wp-json\/wp\/v2\/media?parent=4265"}],"wp:term":[{"taxonomy":"category","embeddable":true,"href":"https:\/\/www.ordpsicobas.it\/home\/wp-json\/wp\/v2\/categories?post=4265"},{"taxonomy":"post_tag","embeddable":true,"href":"https:\/\/www.ordpsicobas.it\/home\/wp-json\/wp\/v2\/tags?post=4265"}],"curies":[{"name":"wp","href":"https:\/\/api.w.org\/{rel}","templated":true}]}}