{"id":4125,"date":"2021-10-12T15:03:26","date_gmt":"2021-10-12T13:03:26","guid":{"rendered":"http:\/\/www.ordpsicobas.it\/home\/?p=4125"},"modified":"2021-10-18T15:11:15","modified_gmt":"2021-10-18T13:11:15","slug":"evento-ecm-psiche-ed-emergenza","status":"publish","type":"post","link":"https:\/\/www.ordpsicobas.it\/home\/evento-ecm-psiche-ed-emergenza\/","title":{"rendered":"Evento ECM &#8220;Psiche ed Emergenza&#8221;"},"content":{"rendered":"<p>L&#8217;<em>Ordine degli Psicologi di Basilicata<\/em> con l&#8217;<em>Azienda Sanitaria di Matera<\/em> ed il patrocinio dell&#8217;<em>Ufficio della Consigliera di Parit\u00e0<\/em>, dell&#8217;<em>Ordine dei Medici della Provincia di Matera<\/em>, della <em>CRI<\/em><br \/>\n<em>regionale<\/em>, della <em>Protezione Civile regionale<\/em>, su proposta della Commissione Politiche Sanitarie dell&#8217;Ordine, in occasione della <strong>Giornata Nazionale della Psicologia<\/strong>, con il Convegno ECM intende condividere strategie finalizzate alla prevenzione e gestione dell&#8217;emergenza.<br \/>\nLa presentazione del <strong>Manifesto Psicologi per l&#8217;Emergenza<\/strong> (PsyXE) \u00e8 altres\u00ec una opportunit\u00e0 per tessere relazioni e garantire la presenza dello psicologo e della sua professionalit\u00e0 negli ambiti della prevenzione, del sostegno, della cura nella rete di supporto comunitario.<br \/>\nL&#8217;evento formativo nasce dalla necessit\u00e0 di una maggiore conoscenza dell&#8217;argomento. L&#8217;obiettivo generale \u00e8 promuovere un approccio partecipativo tra i soggetti coinvolti in emergenza, ossia in tutte quelle situazioni fortemente stressanti che mettono a repentaglio il benessere dell&#8217;individuo, di una comunit\u00e0, di una Nazione. L&#8217;obiettivo specifico \u00e8 prevenire l&#8217;insorgenza e la cronicizzazione dei sintomi che possono presentarsi a seguito di un intervento potenzialmente traumatico, sottolineando l&#8217;importanza della<strong> Psicologia dell&#8217;Emergenza<\/strong> nella tutela della salute psichica di tutte le persone coinvolte, dai familiari ai soccorritori, alla comunit\u00e0.<\/p>\n<p>L\u2019evento si svolger\u00e0 in presenza e l\u2019accesso sar\u00e0 limitato ad un numero massimo di 90 partecipanti. In applicazione delle recenti norme anticovid 19 l\u2019accesso sar\u00e0 consentito solo ai soggetti<br \/>\nin possesso di green pass valido, con mascherina e in assenza di sintomi febbrili.<br \/>\nAl fine di garantire una buona organizzazione dell\u2019evento, vi preghiamo di compilare entro e non oltre il 14 ottobre 2021 il comodo Form online al seguente link e attendere via mail la<br \/>\nconferma:<\/p>\n<p>https:\/\/www.areafad.org\/course\/view.php?id=24<\/p>\n<p>&nbsp;<\/p>\n<p>Di seguito la locandina dell&#8217;evento.<\/p>\n<p><a href=\"https:\/\/www.ordpsicobas.it\/home\/wp-content\/uploads\/2021\/10\/18-ottobre-EMERGENZA-.pdf\">18 ottobre EMERGENZA<\/a><\/p>\n","protected":false},"excerpt":{"rendered":"<p>L&#8217;Ordine degli Psicologi di Basilicata con l&#8217;Azienda Sanitaria di Matera ed il patrocinio dell&#8217;Ufficio della Consigliera di Parit\u00e0, dell&#8217;Ordine dei Medici della Provincia di Matera, della CRI regionale, della Protezione Civile regionale, su proposta della Commissione Politiche Sanitarie dell&#8217;Ordine, in occasione della Giornata Nazionale della Psicologia, con il Convegno ECM intende condividere strategie finalizzate alla [&hellip;]<\/p>\n","protected":false},"author":1,"featured_media":4126,"comment_status":"closed","ping_status":"closed","sticky":false,"template":"","format":"standard","meta":{"footnotes":""},"categories":[48,49],"tags":[],"class_list":["post-4125","post","type-post","status-publish","format-standard","has-post-thumbnail","hentry","category-attivita-del-consiglio","category-seminari"],"_links":{"self":[{"href":"https:\/\/www.ordpsicobas.it\/home\/wp-json\/wp\/v2\/posts\/4125","targetHints":{"allow":["GET"]}}],"collection":[{"href":"https:\/\/www.ordpsicobas.it\/home\/wp-json\/wp\/v2\/posts"}],"about":[{"href":"https:\/\/www.ordpsicobas.it\/home\/wp-json\/wp\/v2\/types\/post"}],"author":[{"embeddable":true,"href":"https:\/\/www.ordpsicobas.it\/home\/wp-json\/wp\/v2\/users\/1"}],"replies":[{"embeddable":true,"href":"https:\/\/www.ordpsicobas.it\/home\/wp-json\/wp\/v2\/comments?post=4125"}],"version-history":[{"count":2,"href":"https:\/\/www.ordpsicobas.it\/home\/wp-json\/wp\/v2\/posts\/4125\/revisions"}],"predecessor-version":[{"id":4175,"href":"https:\/\/www.ordpsicobas.it\/home\/wp-json\/wp\/v2\/posts\/4125\/revisions\/4175"}],"wp:featuredmedia":[{"embeddable":true,"href":"https:\/\/www.ordpsicobas.it\/home\/wp-json\/wp\/v2\/media\/4126"}],"wp:attachment":[{"href":"https:\/\/www.ordpsicobas.it\/home\/wp-json\/wp\/v2\/media?parent=4125"}],"wp:term":[{"taxonomy":"category","embeddable":true,"href":"https:\/\/www.ordpsicobas.it\/home\/wp-json\/wp\/v2\/categories?post=4125"},{"taxonomy":"post_tag","embeddable":true,"href":"https:\/\/www.ordpsicobas.it\/home\/wp-json\/wp\/v2\/tags?post=4125"}],"curies":[{"name":"wp","href":"https:\/\/api.w.org\/{rel}","templated":true}]}}