{"id":4040,"date":"2021-05-14T00:03:13","date_gmt":"2021-05-13T22:03:13","guid":{"rendered":"http:\/\/www.ordpsicobas.it\/home\/?p=4040"},"modified":"2021-05-14T00:18:40","modified_gmt":"2021-05-13T22:18:40","slug":"lordine-degli-psicologi-della-basilicata-chiede-alla-regione-di-erogare-voucher-per-la-popolazione","status":"publish","type":"post","link":"https:\/\/www.ordpsicobas.it\/home\/lordine-degli-psicologi-della-basilicata-chiede-alla-regione-di-erogare-voucher-per-la-popolazione\/","title":{"rendered":"L&#8217;Ordine degli Psicologi della Basilicata chiede alla Regione di erogare voucher per la popolazione"},"content":{"rendered":"<p><strong>Luisa Langone: \u00abUrgente garantire a fasce deboli l\u2019accesso al supporto psicologico post Covid\u00bb<\/strong><\/p>\n<p>Una iniziativa di prossimit\u00e0 verso chi ha difficolt\u00e0 economiche, nell\u2019ottica dell\u2019attenzione pi\u00f9 specifica e nel tentativo di rispondere, in modo quanto pi\u00f9 efficace possibile, al crescente bisogno di psicologia tra le persone.<\/p>\n<p>\u00c8 quanto fa sapere la presidente dell\u2019<em>Ordine degli Psicologi della Basilicata,<\/em> la dott.ssa Luisa Langone, che ha richiesto alle istituzioni regionali, la creazione di voucher psicologici, per garantire a nuclei familiari con basse fasce di reddito di poter accedere a servizi di supporto psicologico.<\/p>\n<p>\u00abL\u2019attuale situazione pandemica ha avuto notevoli ripercussioni sulla psiche dei cittadini \u2013 ha affermato- con particolare riguardo a bambini e ragazzi; basti pensare che l\u201986,6% delle persone che sono state in terapia intensiva ha sviluppato successivamente problemi psicologici, anche di tipo cognitivo.<br \/>\nIl 56% dei ricoverati per Covid ha problemi psicologici significativi, come il 34% dei positivi Covid in quarantena e il 25,5% del resto della popolazione ha difficolt\u00e0 psicologiche. I bambini e i ragazzi sperimentano abulia, depressione, crollo della concentrazione e dell\u2019autostima, ansia, tendenza all\u2019autolesionismo ed evitamento scolastico, come si evince da uno studio sui Pronto Soccorso pediatrici di Torino, Cagliari e di altri 21 ospedali, pubblicato su \u00ab<em>European Child and Adolescent Psychiatry\u00bb<\/em>, che ha mostrato ci\u00f2 che \u00e8 successo non solo in Italia, ma in tutto il mondo: gli accessi per atti di autolesionismo in marzo e aprile 2020 aumentano dal 50% al 57%, con un\u2019incidenza in crescita degli \u00abintenti suicidi\u00bb e dell\u2019isolamento come fattore scatenante.<\/p>\n<p>A tal proposito come rappresentante degli Psicologi della Basilicata, chiedo di affrontare seriamente l\u2019aspetto psicologico della pandemia, nella nostra Regione, mettendo in atto una serie di azioni che consentano a tutte le fasce della popolazione di poter ricorrere alle cure psicologiche, attraverso l\u2019istituzione di un certo numero di <strong>voucher psicologici<\/strong>, (l\u2019erogazione di voucher psicologici da parte della Regione Basilicata \u00e8 finalizzata a fornire il sostengo psicologico da destinare inizialmente alle famiglie con basso Isee), con l\u2019obiettivo di promuovere forme di aiuto emergenziali.<\/p>\n<p>I voucher permetterebbero ai cittadini di accedere a <strong>servizi psicologici di supporto<\/strong>, con impatti positivi anche sul fronte economico: malessere psicologico e malattie mentali producono un costo molto elevato sulla collettivit\u00e0\u00bb.<\/p>\n<p>E ha concluso: \u00abSi consideri che il disturbo depressivo maggiore, che affligge circa 3 milioni di italiani, ha un costo annuale stimato di 4 miliardi, tra spese dirette e assenze lavorative; a questi, si aggiungono tutte le forme psicopatologiche che,\u00a0secondo l\u2019Organizzazione Mondiale della Sanit\u00e0, riguardano &#8211; con vari livelli di gravit\u00e0 &#8211; circa 17 milioni di persone. I servizi disponibili raggiungono solo una parte di questa utenza potenziale, penalizzando soprattutto le fasce pi\u00f9 deboli.<br \/>\nTrascurare un disagio psicologico si traduce facilmente in costi sociali e sanitari (ad esempio, alti livelli di ansia aumentano il rischio di patologie cardiovascolari) e la comunit\u00e0 scientifica \u00e8 compatta nel ritenere questo investimento socialmente rilevante ed economicamente sostenibile\u00bb.<\/p>\n","protected":false},"excerpt":{"rendered":"<p>Luisa Langone: \u00abUrgente garantire a fasce deboli l\u2019accesso al supporto psicologico post Covid\u00bb Una iniziativa di prossimit\u00e0 verso chi ha difficolt\u00e0 economiche, nell\u2019ottica dell\u2019attenzione pi\u00f9 specifica e nel tentativo di rispondere, in modo quanto pi\u00f9 efficace possibile, al crescente bisogno di psicologia tra le persone. \u00c8 quanto fa sapere la presidente dell\u2019Ordine degli Psicologi della [&hellip;]<\/p>\n","protected":false},"author":1,"featured_media":2763,"comment_status":"closed","ping_status":"closed","sticky":false,"template":"","format":"standard","meta":{"footnotes":""},"categories":[48,50],"tags":[],"class_list":["post-4040","post","type-post","status-publish","format-standard","has-post-thumbnail","hentry","category-attivita-del-consiglio","category-varie"],"_links":{"self":[{"href":"https:\/\/www.ordpsicobas.it\/home\/wp-json\/wp\/v2\/posts\/4040","targetHints":{"allow":["GET"]}}],"collection":[{"href":"https:\/\/www.ordpsicobas.it\/home\/wp-json\/wp\/v2\/posts"}],"about":[{"href":"https:\/\/www.ordpsicobas.it\/home\/wp-json\/wp\/v2\/types\/post"}],"author":[{"embeddable":true,"href":"https:\/\/www.ordpsicobas.it\/home\/wp-json\/wp\/v2\/users\/1"}],"replies":[{"embeddable":true,"href":"https:\/\/www.ordpsicobas.it\/home\/wp-json\/wp\/v2\/comments?post=4040"}],"version-history":[{"count":2,"href":"https:\/\/www.ordpsicobas.it\/home\/wp-json\/wp\/v2\/posts\/4040\/revisions"}],"predecessor-version":[{"id":4042,"href":"https:\/\/www.ordpsicobas.it\/home\/wp-json\/wp\/v2\/posts\/4040\/revisions\/4042"}],"wp:featuredmedia":[{"embeddable":true,"href":"https:\/\/www.ordpsicobas.it\/home\/wp-json\/wp\/v2\/media\/2763"}],"wp:attachment":[{"href":"https:\/\/www.ordpsicobas.it\/home\/wp-json\/wp\/v2\/media?parent=4040"}],"wp:term":[{"taxonomy":"category","embeddable":true,"href":"https:\/\/www.ordpsicobas.it\/home\/wp-json\/wp\/v2\/categories?post=4040"},{"taxonomy":"post_tag","embeddable":true,"href":"https:\/\/www.ordpsicobas.it\/home\/wp-json\/wp\/v2\/tags?post=4040"}],"curies":[{"name":"wp","href":"https:\/\/api.w.org\/{rel}","templated":true}]}}