{"id":4020,"date":"2021-04-12T13:06:59","date_gmt":"2021-04-12T11:06:59","guid":{"rendered":"http:\/\/www.ordpsicobas.it\/home\/?p=4020"},"modified":"2021-04-12T13:06:59","modified_gmt":"2021-04-12T11:06:59","slug":"conferenza-stampa-premio-giovanna-pastoressa","status":"publish","type":"post","link":"https:\/\/www.ordpsicobas.it\/home\/conferenza-stampa-premio-giovanna-pastoressa\/","title":{"rendered":"Conferenza Stampa Premio Giovanna Pastoressa"},"content":{"rendered":"<p>Il prossimo venerd\u00ec 16 aprile alle ore 11.00 presso l\u2019auditorium dell\u2019<em>Ordine degli Psicologi della Basilicata<\/em>, in via della Chimica, 61 a Potenza, verr\u00e0 presentato ufficialmente il <strong>\u201cPremio Giovanna Pastoressa\u201d<\/strong>.<br \/>\nL\u2019iniziativa rappresenta un tributo alla memoria della giovane professionista, prematuramente scomparsa.<br \/>\n\u00abLa prima edizione del Premio 2021 \u00e8 un riconoscimento professionale che ricorda una valida psicologa che ci ha lasciato il 16 dicembre 2019, in un tragico incidente nella palestra della sua amata citt\u00e0 natale, Lauria. Il Bando \u00e8 rivolto agli psicologi della Basilicata, iscritti all\u2019Albo negli ultimi 6 anni e riguarda lo scritto di una tesi di specializzazione o tesi di laurea su tematiche di natura psicologica quali <em><strong>resilienza, alimentazione e psicologia, sport e psicologia, parit\u00e0 di genere e non violenza, psicologia scolastica.<\/strong><\/em><\/p>\n<p>Al primo classificato, sar\u00e0 attribuito un premio di 1500,00 euro pi\u00f9 una targa; agli altri partecipanti sar\u00e0 donata una medaglia in ricordo della dott.ssa Pastoressa\u00bb &#8211; hanno spiegato gli organizzatori.<\/p>\n<p>Tutti i dettagli della manifestazione, saranno illustrati, nel corso della conferenza stampa, dalla<br \/>\nCommissione giudicatrice, costituita dalla Presidente dell\u2019Ordine degli Psicologi della Basilicata, la dott.ssa Luisa Langone, dalla Consigliera Segretario, la dott.ssa Costanza Galante e dal Consigliere, il dott. Antonello Chiacchio, ideatore del Premio.<\/p>\n","protected":false},"excerpt":{"rendered":"<p>Il prossimo venerd\u00ec 16 aprile alle ore 11.00 presso l\u2019auditorium dell\u2019Ordine degli Psicologi della Basilicata, in via della Chimica, 61 a Potenza, verr\u00e0 presentato ufficialmente il \u201cPremio Giovanna Pastoressa\u201d. L\u2019iniziativa rappresenta un tributo alla memoria della giovane professionista, prematuramente scomparsa. \u00abLa prima edizione del Premio 2021 \u00e8 un riconoscimento professionale che ricorda una valida psicologa [&hellip;]<\/p>\n","protected":false},"author":1,"featured_media":4021,"comment_status":"closed","ping_status":"closed","sticky":false,"template":"","format":"standard","meta":{"footnotes":""},"categories":[48,35,50],"tags":[],"class_list":["post-4020","post","type-post","status-publish","format-standard","has-post-thumbnail","hentry","category-attivita-del-consiglio","category-bandi","category-varie"],"_links":{"self":[{"href":"https:\/\/www.ordpsicobas.it\/home\/wp-json\/wp\/v2\/posts\/4020","targetHints":{"allow":["GET"]}}],"collection":[{"href":"https:\/\/www.ordpsicobas.it\/home\/wp-json\/wp\/v2\/posts"}],"about":[{"href":"https:\/\/www.ordpsicobas.it\/home\/wp-json\/wp\/v2\/types\/post"}],"author":[{"embeddable":true,"href":"https:\/\/www.ordpsicobas.it\/home\/wp-json\/wp\/v2\/users\/1"}],"replies":[{"embeddable":true,"href":"https:\/\/www.ordpsicobas.it\/home\/wp-json\/wp\/v2\/comments?post=4020"}],"version-history":[{"count":2,"href":"https:\/\/www.ordpsicobas.it\/home\/wp-json\/wp\/v2\/posts\/4020\/revisions"}],"predecessor-version":[{"id":4023,"href":"https:\/\/www.ordpsicobas.it\/home\/wp-json\/wp\/v2\/posts\/4020\/revisions\/4023"}],"wp:featuredmedia":[{"embeddable":true,"href":"https:\/\/www.ordpsicobas.it\/home\/wp-json\/wp\/v2\/media\/4021"}],"wp:attachment":[{"href":"https:\/\/www.ordpsicobas.it\/home\/wp-json\/wp\/v2\/media?parent=4020"}],"wp:term":[{"taxonomy":"category","embeddable":true,"href":"https:\/\/www.ordpsicobas.it\/home\/wp-json\/wp\/v2\/categories?post=4020"},{"taxonomy":"post_tag","embeddable":true,"href":"https:\/\/www.ordpsicobas.it\/home\/wp-json\/wp\/v2\/tags?post=4020"}],"curies":[{"name":"wp","href":"https:\/\/api.w.org\/{rel}","templated":true}]}}