{"id":2918,"date":"2020-03-13T14:11:24","date_gmt":"2020-03-13T13:11:24","guid":{"rendered":"http:\/\/www.ordpsicobas.it\/home\/?p=2918"},"modified":"2020-03-13T14:11:24","modified_gmt":"2020-03-13T13:11:24","slug":"cnop-sostenere-anche-i-liberi-professionisti","status":"publish","type":"post","link":"https:\/\/www.ordpsicobas.it\/home\/cnop-sostenere-anche-i-liberi-professionisti\/","title":{"rendered":"CNOP: Sostenere anche i liberi professionisti"},"content":{"rendered":"<p class=\"p1\"><span class=\"s1\">La Comunit\u00e0 professionale degli Psicologi si \u00e8 mobilitata con molteplici modalit\u00e0 per dare aiuto ed assistenza alla popolazione nella emergenza COVID-19, con iniziative in gran parte di puro volontariato.<\/span><span id=\"more-8483\"><\/span><\/p>\n<p class=\"p1\"><span class=\"s1\">A fronte di questa attivazione tuttavia, la normale attivit\u00e0 libero professionale \u00e8 entrata in forte sofferenza. L\u2019esigenza di limitare gli spostamenti ha portato ad una drastica riduzione dell\u2019attivit\u00e0, prima nella zona rossa e poi in tutto il Paese.<\/span><\/p>\n<p class=\"p1\"><span class=\"s1\">Vi \u00e8 poi da aggiungere che in molti casi la prestazione professionale viene resa da liberi professionisti in contesti che hanno cessato le attivit\u00e0 a seguito dei Decreti emanati (es. scuola). In tutti questi casi la cessazione dell\u2019intervento \u00e8 avvenuta per disposizioni generali.<\/span><\/p>\n<p class=\"p1\"><span class=\"s1\">Nel complesso i liberi professionisti in generale \u2013 e tra questi certamente gli Psicologi \u2013 hanno avuto tangibili conseguenze economiche da questa emergenza.<\/span><\/p>\n<p class=\"p1\"><span class=\"s1\">Il CNOP da subito si \u00e8 posto il problema ed ha attivato diverse iniziative:<\/span><\/p>\n<ol class=\"ol1\">\n<li class=\"li1\"><span class=\"s1\">avviata una azione congiunta con ENPAP per sottolineare la necessit\u00e0 di un sostegno alle professioni;<\/span><\/li>\n<li class=\"li1\"><span class=\"s1\">indirizzato una nota a tutti gli Ordini professionali per una azione sinergica verso Governo e Parlamento.<\/span><\/li>\n<\/ol>\n<p class=\"p1\"><span class=\"s1\">In questi giorni inoltre il CNOP, attraverso il presidente Lazzari, ha posto all\u2019attenzione del Ministro dell\u2019Economia Gualtieri, di quello della Salute Speranza, dei Presidenti delle Commissioni Bilancio e Finanza di Camera e Senato e dei referenti economici delle Forze Politiche di Governo l\u2019importanza che:<\/span><\/p>\n<p class=\"p1\"><span class=\"s1\">\u201cpur rendendoci conto delle difficolt\u00e0 complessive del Paese, le norme che saranno varate tengano conto della necessit\u00e0 di dare sostegno a questi professionisti, in modo tale da consentire loro di recuperare la quota di reddito che \u00e8 venuta a mancare.\u201d<\/span><\/p>\n<p class=\"p1\">\n","protected":false},"excerpt":{"rendered":"<p>La Comunit\u00e0 professionale degli Psicologi si \u00e8 mobilitata con molteplici modalit\u00e0 per dare aiuto ed assistenza alla popolazione nella emergenza COVID-19, con iniziative in gran parte di puro volontariato. A fronte di questa attivazione tuttavia, la normale attivit\u00e0 libero professionale \u00e8 entrata in forte sofferenza. L\u2019esigenza di limitare gli spostamenti ha portato ad una drastica [&hellip;]<\/p>\n","protected":false},"author":1,"featured_media":2919,"comment_status":"closed","ping_status":"closed","sticky":false,"template":"","format":"standard","meta":{"footnotes":""},"categories":[48,36,50],"tags":[],"class_list":["post-2918","post","type-post","status-publish","format-standard","has-post-thumbnail","hentry","category-attivita-del-consiglio","category-documenti-e-seminari","category-varie"],"_links":{"self":[{"href":"https:\/\/www.ordpsicobas.it\/home\/wp-json\/wp\/v2\/posts\/2918","targetHints":{"allow":["GET"]}}],"collection":[{"href":"https:\/\/www.ordpsicobas.it\/home\/wp-json\/wp\/v2\/posts"}],"about":[{"href":"https:\/\/www.ordpsicobas.it\/home\/wp-json\/wp\/v2\/types\/post"}],"author":[{"embeddable":true,"href":"https:\/\/www.ordpsicobas.it\/home\/wp-json\/wp\/v2\/users\/1"}],"replies":[{"embeddable":true,"href":"https:\/\/www.ordpsicobas.it\/home\/wp-json\/wp\/v2\/comments?post=2918"}],"version-history":[{"count":1,"href":"https:\/\/www.ordpsicobas.it\/home\/wp-json\/wp\/v2\/posts\/2918\/revisions"}],"predecessor-version":[{"id":2920,"href":"https:\/\/www.ordpsicobas.it\/home\/wp-json\/wp\/v2\/posts\/2918\/revisions\/2920"}],"wp:featuredmedia":[{"embeddable":true,"href":"https:\/\/www.ordpsicobas.it\/home\/wp-json\/wp\/v2\/media\/2919"}],"wp:attachment":[{"href":"https:\/\/www.ordpsicobas.it\/home\/wp-json\/wp\/v2\/media?parent=2918"}],"wp:term":[{"taxonomy":"category","embeddable":true,"href":"https:\/\/www.ordpsicobas.it\/home\/wp-json\/wp\/v2\/categories?post=2918"},{"taxonomy":"post_tag","embeddable":true,"href":"https:\/\/www.ordpsicobas.it\/home\/wp-json\/wp\/v2\/tags?post=2918"}],"curies":[{"name":"wp","href":"https:\/\/api.w.org\/{rel}","templated":true}]}}