{"id":2914,"date":"2020-03-12T18:07:48","date_gmt":"2020-03-12T17:07:48","guid":{"rendered":"http:\/\/www.ordpsicobas.it\/home\/?p=2914"},"modified":"2020-03-12T18:07:48","modified_gmt":"2020-03-12T17:07:48","slug":"vademecum-coronavirus-ordine-psicologi-della-basilicata","status":"publish","type":"post","link":"https:\/\/www.ordpsicobas.it\/home\/vademecum-coronavirus-ordine-psicologi-della-basilicata\/","title":{"rendered":"Vademecum Coronavirus Ordine Psicologi della Basilicata"},"content":{"rendered":"<p><span class=\"JsGRdQ\">In questo momento di emergenza l\u2019<\/span><em class=\"JsGRdQ\">Ordine degli Psicologi della Basilicata<\/em><span class=\"JsGRdQ\"> \u00e8 attivo e attento allo stato psicofisico di tutta la comunit\u00e0. <\/span><\/p>\n<p><span class=\"JsGRdQ\">Riteniamo importante condividere alcune indicazioni con i nostri iscritti per continuare a svolgere l&#8217;attivit\u00e0 professionale con le dovute precauzioni e con tutta la cittadinanza, al fine di gestire la situazione in maniera responsabile e consapevole e limitare gli episodi di ansia e panico correlati al Coronavirus.<\/span><\/p>\n<p>In allegato il vademecum<\/p>\n<p><a href=\"https:\/\/www.ordpsicobas.it\/home\/wp-content\/uploads\/2020\/03\/Vademecum-Coronavirus-Ordine-Psicologi-Basilicata.pdf\">Vademecum Coronavirus Ordine Psicologi Basilicata<\/a><\/p>\n","protected":false},"excerpt":{"rendered":"<p>In questo momento di emergenza l\u2019Ordine degli Psicologi della Basilicata \u00e8 attivo e attento allo stato psicofisico di tutta la comunit\u00e0. Riteniamo importante condividere alcune indicazioni con i nostri iscritti per continuare a svolgere l&#8217;attivit\u00e0 professionale con le dovute precauzioni e con tutta la cittadinanza, al fine di gestire la situazione in maniera responsabile e [&hellip;]<\/p>\n","protected":false},"author":1,"featured_media":2763,"comment_status":"closed","ping_status":"closed","sticky":false,"template":"","format":"standard","meta":{"footnotes":""},"categories":[48,36,50],"tags":[],"class_list":["post-2914","post","type-post","status-publish","format-standard","has-post-thumbnail","hentry","category-attivita-del-consiglio","category-documenti-e-seminari","category-varie"],"_links":{"self":[{"href":"https:\/\/www.ordpsicobas.it\/home\/wp-json\/wp\/v2\/posts\/2914","targetHints":{"allow":["GET"]}}],"collection":[{"href":"https:\/\/www.ordpsicobas.it\/home\/wp-json\/wp\/v2\/posts"}],"about":[{"href":"https:\/\/www.ordpsicobas.it\/home\/wp-json\/wp\/v2\/types\/post"}],"author":[{"embeddable":true,"href":"https:\/\/www.ordpsicobas.it\/home\/wp-json\/wp\/v2\/users\/1"}],"replies":[{"embeddable":true,"href":"https:\/\/www.ordpsicobas.it\/home\/wp-json\/wp\/v2\/comments?post=2914"}],"version-history":[{"count":1,"href":"https:\/\/www.ordpsicobas.it\/home\/wp-json\/wp\/v2\/posts\/2914\/revisions"}],"predecessor-version":[{"id":2917,"href":"https:\/\/www.ordpsicobas.it\/home\/wp-json\/wp\/v2\/posts\/2914\/revisions\/2917"}],"wp:featuredmedia":[{"embeddable":true,"href":"https:\/\/www.ordpsicobas.it\/home\/wp-json\/wp\/v2\/media\/2763"}],"wp:attachment":[{"href":"https:\/\/www.ordpsicobas.it\/home\/wp-json\/wp\/v2\/media?parent=2914"}],"wp:term":[{"taxonomy":"category","embeddable":true,"href":"https:\/\/www.ordpsicobas.it\/home\/wp-json\/wp\/v2\/categories?post=2914"},{"taxonomy":"post_tag","embeddable":true,"href":"https:\/\/www.ordpsicobas.it\/home\/wp-json\/wp\/v2\/tags?post=2914"}],"curies":[{"name":"wp","href":"https:\/\/api.w.org\/{rel}","templated":true}]}}