{"id":2740,"date":"2019-10-17T13:22:29","date_gmt":"2019-10-17T11:22:29","guid":{"rendered":"http:\/\/www.ordpsicobas.it\/home\/?p=2740"},"modified":"2019-10-17T13:26:51","modified_gmt":"2019-10-17T11:26:51","slug":"protocollo-dintesa-ordine-psicologi-basilicata-unicef","status":"publish","type":"post","link":"https:\/\/www.ordpsicobas.it\/home\/protocollo-dintesa-ordine-psicologi-basilicata-unicef\/","title":{"rendered":"Protocollo d\u2019intesa Ordine Psicologi Basilicata &#8211; Unicef"},"content":{"rendered":"<p>\u00c8 stato siglato a Matera, lo scorso sabato 12 ottobre, nella sala convegni dell\u2019Hotel Le Monacelle, un importante protocollo d\u2019intesa tra l\u2019<strong>Ordine degli Psicologi di Basilicata<\/strong>, presieduto dalla dott.ssa Luisa Langone e l\u2019<strong>Unicef<\/strong>, presieduto in regione dalla dott.ssa Angela Granata.<\/p>\n<p>L\u2019iniziativa, promossa e organizzata, in collaborazione con il <em>Miur<\/em> e con il patrocinio dell\u2019<em>Unesco<\/em>, di <em>Matera 2019<\/em>, della <em>BCC Basilicata<\/em> e di numerose altre realt\u00e0 istituzionali, ha inteso riportare l\u2019attenzione sul tema <strong>\u201cViolenza e Infanzia\u201d<\/strong>, in occasione di 30 anni di impegno a tutela e a difesa dei bambini. La protezione dei pi\u00f9 piccoli, si \u00e8 detto, deve essere contestuale al sostegno alle famiglie, alle scuole e all\u2019intera comunit\u00e0 educante, per assicurare a ciascuno il benessere bio-psico-sociale. Hanno preso parte all\u2019incontro\/dibattito la dott.ssa Baldassarre, direttore <em>CIDP Roma-Padova<\/em>, il dott. Cappelli, coordinatore dell\u2019accordo di programma \u201cBasilicata in marcia per la Cultura\u201d, il dott. Giuliano, Garante Regionale dell\u2019Infanzia e dell\u2019Adolescenza.<\/p>\n<p>Cos\u00ec la dott.ssa Langone:<br \/>\n\u201c<em>Il contributo degli psicologi \u00e8 fondamentale per promuovere azioni finalizzate alla salvaguardia del benessere psicologico, della salute mentale dei bambini tutti, degli italiani, degli stranieri non accompagnati, attraverso la programmazione di screening e attivit\u00e0 di prevenzione, e come Ordine ci impegniamo a diffondere una cultura psicologica di diritti perch\u00e9 il benessere psicologico \u00e8 un diritto di tutti; dei bambini ancor di pi\u00f9\u201d.<\/em><\/p>\n<p>&nbsp;<\/p>\n<p>Ufficio Stampa Ordine Psicologi Basilicata<\/p>\n","protected":false},"excerpt":{"rendered":"<p>\u00c8 stato siglato a Matera, lo scorso sabato 12 ottobre, nella sala convegni dell\u2019Hotel Le Monacelle, un importante protocollo d\u2019intesa tra l\u2019Ordine degli Psicologi di Basilicata, presieduto dalla dott.ssa Luisa Langone e l\u2019Unicef, presieduto in regione dalla dott.ssa Angela Granata. L\u2019iniziativa, promossa e organizzata, in collaborazione con il Miur e con il patrocinio dell\u2019Unesco, di [&hellip;]<\/p>\n","protected":false},"author":1,"featured_media":2741,"comment_status":"closed","ping_status":"closed","sticky":false,"template":"","format":"standard","meta":{"footnotes":""},"categories":[48],"tags":[],"class_list":["post-2740","post","type-post","status-publish","format-standard","has-post-thumbnail","hentry","category-attivita-del-consiglio"],"_links":{"self":[{"href":"https:\/\/www.ordpsicobas.it\/home\/wp-json\/wp\/v2\/posts\/2740","targetHints":{"allow":["GET"]}}],"collection":[{"href":"https:\/\/www.ordpsicobas.it\/home\/wp-json\/wp\/v2\/posts"}],"about":[{"href":"https:\/\/www.ordpsicobas.it\/home\/wp-json\/wp\/v2\/types\/post"}],"author":[{"embeddable":true,"href":"https:\/\/www.ordpsicobas.it\/home\/wp-json\/wp\/v2\/users\/1"}],"replies":[{"embeddable":true,"href":"https:\/\/www.ordpsicobas.it\/home\/wp-json\/wp\/v2\/comments?post=2740"}],"version-history":[{"count":2,"href":"https:\/\/www.ordpsicobas.it\/home\/wp-json\/wp\/v2\/posts\/2740\/revisions"}],"predecessor-version":[{"id":2744,"href":"https:\/\/www.ordpsicobas.it\/home\/wp-json\/wp\/v2\/posts\/2740\/revisions\/2744"}],"wp:featuredmedia":[{"embeddable":true,"href":"https:\/\/www.ordpsicobas.it\/home\/wp-json\/wp\/v2\/media\/2741"}],"wp:attachment":[{"href":"https:\/\/www.ordpsicobas.it\/home\/wp-json\/wp\/v2\/media?parent=2740"}],"wp:term":[{"taxonomy":"category","embeddable":true,"href":"https:\/\/www.ordpsicobas.it\/home\/wp-json\/wp\/v2\/categories?post=2740"},{"taxonomy":"post_tag","embeddable":true,"href":"https:\/\/www.ordpsicobas.it\/home\/wp-json\/wp\/v2\/tags?post=2740"}],"curies":[{"name":"wp","href":"https:\/\/api.w.org\/{rel}","templated":true}]}}