{"id":2683,"date":"2019-09-05T14:10:16","date_gmt":"2019-09-05T12:10:16","guid":{"rendered":"http:\/\/www.ordpsicobas.it\/home\/?p=2683"},"modified":"2019-09-05T14:10:16","modified_gmt":"2019-09-05T12:10:16","slug":"lordine-degli-psicologi-di-basilicata-incontra-lassessore-regionale-alla-salute-rocco-leone","status":"publish","type":"post","link":"https:\/\/www.ordpsicobas.it\/home\/lordine-degli-psicologi-di-basilicata-incontra-lassessore-regionale-alla-salute-rocco-leone\/","title":{"rendered":"L\u2019Ordine degli Psicologi di Basilicata incontra l\u2019Assessore regionale alla Salute Rocco Leone"},"content":{"rendered":"<p style=\"text-align: left;\">Marted\u00ec 3 settembre a Potenza, presso il Dipartimento Sanit\u00e0 della Regione Basilicata, si \u00e8 tenuto l\u2019incontro tra l\u2019<em>Ordine degli Psicologi di Basilicata<\/em> e l\u2019Assessore al ramo, il dr. Rocco Leone.<\/p>\n<p style=\"text-align: left;\">Un momento di confronto proficuo sui temi di maggiore importanza, quali l\u2019attenzione ai territori e alla persona, la prevenzione dei disagi prima che si conclamino oltre che un\u2019occasione privilegiata per mettere in campo possibili strategie d\u2019intervento efficaci.<\/p>\n<p>Cos\u00ec la dott.ssa Langone: \u201cIn Basilicata sono 800 i professionisti psicologi che operano nei settori trasversali. Abbiamo avviato una collaborazione molto positiva con <em>l\u2019Ordine provinciale dei Medici<\/em> e in tal senso, auspicheremmo che il \u201cDecreto Calabria\u201d, venga recepito anche dalla nostra regione. Esso prevede che il medico di base possa avere sia un infermiere che uno psicologo nel proprio team; quest\u2019ultimo, agisce nell\u2019ottica della prevenzione e ci\u00f2 comporterebbe un cospicuo risparmio sui costi sanitari, a livello regionale.<\/p>\n<p>Cos\u00ec come per la Psicologia Scolastica assume una rilevanza apicale, se consideriamo che si andrebbero a sostenere le fasce vulnerabili, nei processi di crescita, e ci\u00f2 ci porterebbe a essere, in Italia, gli apripista di una simile idea, oltre ad aiutarci nell\u2019adeguamento degli standard europei\u201d.<\/p>\n<p>Le ha fatto eco, il dott. Razza: \u201cProponiamo un modello di sperimentazione nelle citt\u00e0 capoluogo, affinch\u00e9 vi sia ascolto sul territorio, sia diversificato e si verifichi un\u2019ampia inclusivit\u00e0\u201d.<\/p>\n<p>L\u2019assessore Leone, si \u00e8 detto disponibile a intercettare i fondi necessari per la realizzazione del progetto, che vedr\u00e0 una fase iniziale di monitoraggio e, quindi, una successiva di compimento.<br \/>\n<!--\/data\/user\/0\/com.samsung.android.app.notes\/files\/share\/clipdata_190905_145932_898.sdoc--><\/p>\n","protected":false},"excerpt":{"rendered":"<p>Marted\u00ec 3 settembre a Potenza, presso il Dipartimento Sanit\u00e0 della Regione Basilicata, si \u00e8 tenuto l\u2019incontro tra l\u2019Ordine degli Psicologi di Basilicata e l\u2019Assessore al ramo, il dr. Rocco Leone. Un momento di confronto proficuo sui temi di maggiore importanza, quali l\u2019attenzione ai territori e alla persona, la prevenzione dei disagi prima che si conclamino [&hellip;]<\/p>\n","protected":false},"author":1,"featured_media":2684,"comment_status":"closed","ping_status":"closed","sticky":false,"template":"","format":"standard","meta":{"footnotes":""},"categories":[48],"tags":[],"class_list":["post-2683","post","type-post","status-publish","format-standard","has-post-thumbnail","hentry","category-attivita-del-consiglio"],"_links":{"self":[{"href":"https:\/\/www.ordpsicobas.it\/home\/wp-json\/wp\/v2\/posts\/2683","targetHints":{"allow":["GET"]}}],"collection":[{"href":"https:\/\/www.ordpsicobas.it\/home\/wp-json\/wp\/v2\/posts"}],"about":[{"href":"https:\/\/www.ordpsicobas.it\/home\/wp-json\/wp\/v2\/types\/post"}],"author":[{"embeddable":true,"href":"https:\/\/www.ordpsicobas.it\/home\/wp-json\/wp\/v2\/users\/1"}],"replies":[{"embeddable":true,"href":"https:\/\/www.ordpsicobas.it\/home\/wp-json\/wp\/v2\/comments?post=2683"}],"version-history":[{"count":2,"href":"https:\/\/www.ordpsicobas.it\/home\/wp-json\/wp\/v2\/posts\/2683\/revisions"}],"predecessor-version":[{"id":2686,"href":"https:\/\/www.ordpsicobas.it\/home\/wp-json\/wp\/v2\/posts\/2683\/revisions\/2686"}],"wp:featuredmedia":[{"embeddable":true,"href":"https:\/\/www.ordpsicobas.it\/home\/wp-json\/wp\/v2\/media\/2684"}],"wp:attachment":[{"href":"https:\/\/www.ordpsicobas.it\/home\/wp-json\/wp\/v2\/media?parent=2683"}],"wp:term":[{"taxonomy":"category","embeddable":true,"href":"https:\/\/www.ordpsicobas.it\/home\/wp-json\/wp\/v2\/categories?post=2683"},{"taxonomy":"post_tag","embeddable":true,"href":"https:\/\/www.ordpsicobas.it\/home\/wp-json\/wp\/v2\/tags?post=2683"}],"curies":[{"name":"wp","href":"https:\/\/api.w.org\/{rel}","templated":true}]}}