{"id":2650,"date":"2019-04-02T10:17:26","date_gmt":"2019-04-02T08:17:26","guid":{"rendered":"http:\/\/www.ordpsicobas.it\/home\/?p=2650"},"modified":"2019-04-02T10:17:26","modified_gmt":"2019-04-02T08:17:26","slug":"nota-della-presidente-langone-sulla-giornata-mondiale-per-la-consapevolezza-sullautismo","status":"publish","type":"post","link":"https:\/\/www.ordpsicobas.it\/home\/nota-della-presidente-langone-sulla-giornata-mondiale-per-la-consapevolezza-sullautismo\/","title":{"rendered":"Nota della Presidente Langone sulla Giornata Mondiale per la consapevolezza sull&#8217;autismo"},"content":{"rendered":"<p>\u00c8 giunta in questo 2019 alla sua dodicesima edizione, la <strong>\u201cGiornata Mondiale della Consapevolezza sull&#8217;Autismo\u201d<\/strong>.<\/p>\n<p>Per questa occasione, simbolicamente alcuni tra i monumenti pi\u00f9 importanti del mondo si tingeranno di blu, il colore scelto dall&#8217;ONU per rappresentare il momento.<\/p>\n<p>Gli psicologi ci sono e saranno sempre al fianco delle famiglie, promuovendo una presa in carico globale e completa, l\u00e0 dove i processi riabilitativi e psico-educativi risultano fondamentali, perch\u00e9 potenziano la capacit\u00e0 di adattamento e di autoregolazione, in base alla fase evolutiva del soggetto.<\/p>\n","protected":false},"excerpt":{"rendered":"<p>\u00c8 giunta in questo 2019 alla sua dodicesima edizione, la \u201cGiornata Mondiale della Consapevolezza sull&#8217;Autismo\u201d. Per questa occasione, simbolicamente alcuni tra i monumenti pi\u00f9 importanti del mondo si tingeranno di blu, il colore scelto dall&#8217;ONU per rappresentare il momento. Gli psicologi ci sono e saranno sempre al fianco delle famiglie, promuovendo una presa in carico [&hellip;]<\/p>\n","protected":false},"author":1,"featured_media":2651,"comment_status":"closed","ping_status":"closed","sticky":false,"template":"","format":"standard","meta":{"footnotes":""},"categories":[48,50],"tags":[],"class_list":["post-2650","post","type-post","status-publish","format-standard","has-post-thumbnail","hentry","category-attivita-del-consiglio","category-varie"],"_links":{"self":[{"href":"https:\/\/www.ordpsicobas.it\/home\/wp-json\/wp\/v2\/posts\/2650","targetHints":{"allow":["GET"]}}],"collection":[{"href":"https:\/\/www.ordpsicobas.it\/home\/wp-json\/wp\/v2\/posts"}],"about":[{"href":"https:\/\/www.ordpsicobas.it\/home\/wp-json\/wp\/v2\/types\/post"}],"author":[{"embeddable":true,"href":"https:\/\/www.ordpsicobas.it\/home\/wp-json\/wp\/v2\/users\/1"}],"replies":[{"embeddable":true,"href":"https:\/\/www.ordpsicobas.it\/home\/wp-json\/wp\/v2\/comments?post=2650"}],"version-history":[{"count":1,"href":"https:\/\/www.ordpsicobas.it\/home\/wp-json\/wp\/v2\/posts\/2650\/revisions"}],"predecessor-version":[{"id":2652,"href":"https:\/\/www.ordpsicobas.it\/home\/wp-json\/wp\/v2\/posts\/2650\/revisions\/2652"}],"wp:featuredmedia":[{"embeddable":true,"href":"https:\/\/www.ordpsicobas.it\/home\/wp-json\/wp\/v2\/media\/2651"}],"wp:attachment":[{"href":"https:\/\/www.ordpsicobas.it\/home\/wp-json\/wp\/v2\/media?parent=2650"}],"wp:term":[{"taxonomy":"category","embeddable":true,"href":"https:\/\/www.ordpsicobas.it\/home\/wp-json\/wp\/v2\/categories?post=2650"},{"taxonomy":"post_tag","embeddable":true,"href":"https:\/\/www.ordpsicobas.it\/home\/wp-json\/wp\/v2\/tags?post=2650"}],"curies":[{"name":"wp","href":"https:\/\/api.w.org\/{rel}","templated":true}]}}