{"id":2636,"date":"2019-03-14T23:41:18","date_gmt":"2019-03-14T22:41:18","guid":{"rendered":"http:\/\/www.ordpsicobas.it\/home\/?p=2636"},"modified":"2019-03-14T23:41:18","modified_gmt":"2019-03-14T22:41:18","slug":"cena-di-beficienza-in-cucina-con-arte-il-gusto-della-solidarieta","status":"publish","type":"post","link":"https:\/\/www.ordpsicobas.it\/home\/cena-di-beficienza-in-cucina-con-arte-il-gusto-della-solidarieta\/","title":{"rendered":"Cena di beficienza &#8220;In cucina con Arte &#8211; il gusto della solidariet\u00e0&#8221;"},"content":{"rendered":"<p>Il 20 marzo alle 19.30 presso il Relais La Fattoria a Melfi, si terr\u00e0 la cena di beneficenza <strong>&#8220;In cucina con Arte &#8211; il gusto della solidariet\u00e0&#8221;<\/strong>, organizzata dall&#8217;<em>I.I.S Guglielmo Gasparrini<\/em> e <em>Fondazione Alessandra Bisceglia W Ale Onlus.<\/em><\/p>\n<p>Da un&#8217;idea di Alessandra Bisceglia realizzata nell&#8217;ambito del progetto <em><strong>&#8220;Leggere&#8230;di gusto&#8221;!<\/strong><\/em><\/p>\n<p>La serata sar\u00e0 allietata dal Rigillo&#8217;s duo.<\/p>\n<p>Per partecipare comunicare la propria adesione ai seguenti contatti entro il 15 marzo 2019:<\/p>\n<p>339 1601371 &#8211; 347 9347798<\/p>\n<p>Di seguito la locandina dell&#8217;evento.<\/p>\n<p><a href=\"https:\/\/www.ordpsicobas.it\/home\/wp-content\/uploads\/2019\/03\/IMG-20190308-WA0011.jpg\"><img loading=\"lazy\" decoding=\"async\" class=\"alignnone size-medium wp-image-2638\" src=\"https:\/\/www.ordpsicobas.it\/home\/wp-content\/uploads\/2019\/03\/IMG-20190308-WA0011-210x300.jpg\" alt=\"IMG-20190308-WA0011\" width=\"210\" height=\"300\" srcset=\"https:\/\/www.ordpsicobas.it\/home\/wp-content\/uploads\/2019\/03\/IMG-20190308-WA0011-210x300.jpg 210w, https:\/\/www.ordpsicobas.it\/home\/wp-content\/uploads\/2019\/03\/IMG-20190308-WA0011-105x150.jpg 105w, https:\/\/www.ordpsicobas.it\/home\/wp-content\/uploads\/2019\/03\/IMG-20190308-WA0011.jpg 717w\" sizes=\"(max-width: 210px) 100vw, 210px\" \/><\/a><\/p>\n","protected":false},"excerpt":{"rendered":"<p>Il 20 marzo alle 19.30 presso il Relais La Fattoria a Melfi, si terr\u00e0 la cena di beneficenza &#8220;In cucina con Arte &#8211; il gusto della solidariet\u00e0&#8221;, organizzata dall&#8217;I.I.S Guglielmo Gasparrini e Fondazione Alessandra Bisceglia W Ale Onlus. Da un&#8217;idea di Alessandra Bisceglia realizzata nell&#8217;ambito del progetto &#8220;Leggere&#8230;di gusto&#8221;! La serata sar\u00e0 allietata dal Rigillo&#8217;s [&hellip;]<\/p>\n","protected":false},"author":1,"featured_media":2637,"comment_status":"closed","ping_status":"closed","sticky":false,"template":"","format":"standard","meta":{"footnotes":""},"categories":[1],"tags":[],"class_list":["post-2636","post","type-post","status-publish","format-standard","has-post-thumbnail","hentry","category-eventi"],"_links":{"self":[{"href":"https:\/\/www.ordpsicobas.it\/home\/wp-json\/wp\/v2\/posts\/2636","targetHints":{"allow":["GET"]}}],"collection":[{"href":"https:\/\/www.ordpsicobas.it\/home\/wp-json\/wp\/v2\/posts"}],"about":[{"href":"https:\/\/www.ordpsicobas.it\/home\/wp-json\/wp\/v2\/types\/post"}],"author":[{"embeddable":true,"href":"https:\/\/www.ordpsicobas.it\/home\/wp-json\/wp\/v2\/users\/1"}],"replies":[{"embeddable":true,"href":"https:\/\/www.ordpsicobas.it\/home\/wp-json\/wp\/v2\/comments?post=2636"}],"version-history":[{"count":1,"href":"https:\/\/www.ordpsicobas.it\/home\/wp-json\/wp\/v2\/posts\/2636\/revisions"}],"predecessor-version":[{"id":2639,"href":"https:\/\/www.ordpsicobas.it\/home\/wp-json\/wp\/v2\/posts\/2636\/revisions\/2639"}],"wp:featuredmedia":[{"embeddable":true,"href":"https:\/\/www.ordpsicobas.it\/home\/wp-json\/wp\/v2\/media\/2637"}],"wp:attachment":[{"href":"https:\/\/www.ordpsicobas.it\/home\/wp-json\/wp\/v2\/media?parent=2636"}],"wp:term":[{"taxonomy":"category","embeddable":true,"href":"https:\/\/www.ordpsicobas.it\/home\/wp-json\/wp\/v2\/categories?post=2636"},{"taxonomy":"post_tag","embeddable":true,"href":"https:\/\/www.ordpsicobas.it\/home\/wp-json\/wp\/v2\/tags?post=2636"}],"curies":[{"name":"wp","href":"https:\/\/api.w.org\/{rel}","templated":true}]}}