{"id":2542,"date":"2018-11-10T13:14:26","date_gmt":"2018-11-10T12:14:26","guid":{"rendered":"http:\/\/www.ordpsicobas.it\/home\/?p=2542"},"modified":"2018-11-10T13:14:26","modified_gmt":"2018-11-10T12:14:26","slug":"affettivita-e-sessualita-nella-persona-con-disabilita","status":"publish","type":"post","link":"https:\/\/www.ordpsicobas.it\/home\/affettivita-e-sessualita-nella-persona-con-disabilita\/","title":{"rendered":"&#8220;Affettivit\u00e0 e Sessualit\u00e0 nella persona con disabilit\u00e0&#8221;"},"content":{"rendered":"<p>Il 17 novembre ed il 1 dicembre, si terranno i due appuntamenti delle <strong>Aule sociali &#8211; CE.ST.RI.M.<\/strong>, sul tema &#8220;Affettivit\u00e0 e Sessualit\u00e0 nella persona con disabilit\u00e0. Oltre i pregiudizi.&#8221;<\/p>\n<p>Il modulo prevede due incontri formativi: il 17 novembre e il 1 dicembre 2018, dalle 09:30 alle 13:00 presso la sala Convegni Domenico Potenza c\/o il Ce.St.Ri.M. Onlus in via Sinni snc a Potenza<\/p>\n<p>A conclusione del percorso formativo verranno rilasciati gli attestati di frequenza.<\/p>\n<p>Per iscriversi, inviare una mail con i propri dati personali al seguente indirizzo: <strong>cultura@cestrim.org<\/strong> o telefonare al numero 0971.441549.<\/p>\n<p>&nbsp;<\/p>\n<p>Di seguito la locandina dell&#8217;evento.<\/p>\n<p>&nbsp;<\/p>\n<p><a href=\"https:\/\/www.ordpsicobas.it\/home\/wp-content\/uploads\/2018\/11\/locandina-.jpg\"><img loading=\"lazy\" decoding=\"async\" class=\"alignnone size-medium wp-image-2543\" src=\"https:\/\/www.ordpsicobas.it\/home\/wp-content\/uploads\/2018\/11\/locandina--106x300.jpg\" alt=\"locandina-\" width=\"106\" height=\"300\" \/><\/a><\/p>\n","protected":false},"excerpt":{"rendered":"<p>Il 17 novembre ed il 1 dicembre, si terranno i due appuntamenti delle Aule sociali &#8211; CE.ST.RI.M., sul tema &#8220;Affettivit\u00e0 e Sessualit\u00e0 nella persona con disabilit\u00e0. Oltre i pregiudizi.&#8221; Il modulo prevede due incontri formativi: il 17 novembre e il 1 dicembre 2018, dalle 09:30 alle 13:00 presso la sala Convegni Domenico Potenza c\/o il [&hellip;]<\/p>\n","protected":false},"author":1,"featured_media":2544,"comment_status":"closed","ping_status":"closed","sticky":false,"template":"","format":"standard","meta":{"footnotes":""},"categories":[1,50],"tags":[],"class_list":["post-2542","post","type-post","status-publish","format-standard","has-post-thumbnail","hentry","category-eventi","category-varie"],"_links":{"self":[{"href":"https:\/\/www.ordpsicobas.it\/home\/wp-json\/wp\/v2\/posts\/2542","targetHints":{"allow":["GET"]}}],"collection":[{"href":"https:\/\/www.ordpsicobas.it\/home\/wp-json\/wp\/v2\/posts"}],"about":[{"href":"https:\/\/www.ordpsicobas.it\/home\/wp-json\/wp\/v2\/types\/post"}],"author":[{"embeddable":true,"href":"https:\/\/www.ordpsicobas.it\/home\/wp-json\/wp\/v2\/users\/1"}],"replies":[{"embeddable":true,"href":"https:\/\/www.ordpsicobas.it\/home\/wp-json\/wp\/v2\/comments?post=2542"}],"version-history":[{"count":1,"href":"https:\/\/www.ordpsicobas.it\/home\/wp-json\/wp\/v2\/posts\/2542\/revisions"}],"predecessor-version":[{"id":2545,"href":"https:\/\/www.ordpsicobas.it\/home\/wp-json\/wp\/v2\/posts\/2542\/revisions\/2545"}],"wp:featuredmedia":[{"embeddable":true,"href":"https:\/\/www.ordpsicobas.it\/home\/wp-json\/wp\/v2\/media\/2544"}],"wp:attachment":[{"href":"https:\/\/www.ordpsicobas.it\/home\/wp-json\/wp\/v2\/media?parent=2542"}],"wp:term":[{"taxonomy":"category","embeddable":true,"href":"https:\/\/www.ordpsicobas.it\/home\/wp-json\/wp\/v2\/categories?post=2542"},{"taxonomy":"post_tag","embeddable":true,"href":"https:\/\/www.ordpsicobas.it\/home\/wp-json\/wp\/v2\/tags?post=2542"}],"curies":[{"name":"wp","href":"https:\/\/api.w.org\/{rel}","templated":true}]}}