{"id":2529,"date":"2018-10-26T14:36:08","date_gmt":"2018-10-26T12:36:08","guid":{"rendered":"http:\/\/www.ordpsicobas.it\/home\/?p=2529"},"modified":"2018-10-26T14:36:08","modified_gmt":"2018-10-26T12:36:08","slug":"presentazione-libro-sedotta-e-sclerata","status":"publish","type":"post","link":"https:\/\/www.ordpsicobas.it\/home\/presentazione-libro-sedotta-e-sclerata\/","title":{"rendered":"Presentazione libro &#8220;Sedotta e sclerata&#8221;"},"content":{"rendered":"<p>Luned\u00ec 29 ottobre alle ore 17.30, presso il <em>Museo Archeologico Nazionale Palazzo Loffredo<\/em> di Potenza, si terr\u00e0 la presentazione del libro<strong> &#8220;Sedotta e sclerata&#8221; <\/strong>di Ileana Speziale.<\/p>\n<p>Parte dei proventi del libro \u00e8 a beneficio dei progetti di informazione e confronto del gruppo <em>Young<\/em> di <strong>AISM\u00a0<\/strong>di Roma, per i giovani affetti da sclerosi multipla.<\/p>\n<p>&nbsp;<\/p>\n<p>Di seguito il programma dell&#8217;evento.<\/p>\n<p><a href=\"https:\/\/www.ordpsicobas.it\/home\/wp-content\/uploads\/2018\/10\/sedotta-e-sclerata.jpeg\"><img loading=\"lazy\" decoding=\"async\" class=\"alignnone size-medium wp-image-2530\" src=\"https:\/\/www.ordpsicobas.it\/home\/wp-content\/uploads\/2018\/10\/sedotta-e-sclerata-190x300.jpeg\" alt=\"sedotta e sclerata\" width=\"190\" height=\"300\" srcset=\"https:\/\/www.ordpsicobas.it\/home\/wp-content\/uploads\/2018\/10\/sedotta-e-sclerata-190x300.jpeg 190w, https:\/\/www.ordpsicobas.it\/home\/wp-content\/uploads\/2018\/10\/sedotta-e-sclerata-649x1024.jpeg 649w, https:\/\/www.ordpsicobas.it\/home\/wp-content\/uploads\/2018\/10\/sedotta-e-sclerata-768x1212.jpeg 768w, https:\/\/www.ordpsicobas.it\/home\/wp-content\/uploads\/2018\/10\/sedotta-e-sclerata-973x1536.jpeg 973w, https:\/\/www.ordpsicobas.it\/home\/wp-content\/uploads\/2018\/10\/sedotta-e-sclerata-95x150.jpeg 95w, https:\/\/www.ordpsicobas.it\/home\/wp-content\/uploads\/2018\/10\/sedotta-e-sclerata.jpeg 1014w\" sizes=\"(max-width: 190px) 100vw, 190px\" \/><\/a><\/p>\n","protected":false},"excerpt":{"rendered":"<p>Luned\u00ec 29 ottobre alle ore 17.30, presso il Museo Archeologico Nazionale Palazzo Loffredo di Potenza, si terr\u00e0 la presentazione del libro &#8220;Sedotta e sclerata&#8221; di Ileana Speziale. Parte dei proventi del libro \u00e8 a beneficio dei progetti di informazione e confronto del gruppo Young di AISM\u00a0di Roma, per i giovani affetti da sclerosi multipla. &nbsp; [&hellip;]<\/p>\n","protected":false},"author":1,"featured_media":2531,"comment_status":"closed","ping_status":"closed","sticky":false,"template":"","format":"standard","meta":{"footnotes":""},"categories":[1],"tags":[],"class_list":["post-2529","post","type-post","status-publish","format-standard","has-post-thumbnail","hentry","category-eventi"],"_links":{"self":[{"href":"https:\/\/www.ordpsicobas.it\/home\/wp-json\/wp\/v2\/posts\/2529","targetHints":{"allow":["GET"]}}],"collection":[{"href":"https:\/\/www.ordpsicobas.it\/home\/wp-json\/wp\/v2\/posts"}],"about":[{"href":"https:\/\/www.ordpsicobas.it\/home\/wp-json\/wp\/v2\/types\/post"}],"author":[{"embeddable":true,"href":"https:\/\/www.ordpsicobas.it\/home\/wp-json\/wp\/v2\/users\/1"}],"replies":[{"embeddable":true,"href":"https:\/\/www.ordpsicobas.it\/home\/wp-json\/wp\/v2\/comments?post=2529"}],"version-history":[{"count":1,"href":"https:\/\/www.ordpsicobas.it\/home\/wp-json\/wp\/v2\/posts\/2529\/revisions"}],"predecessor-version":[{"id":2532,"href":"https:\/\/www.ordpsicobas.it\/home\/wp-json\/wp\/v2\/posts\/2529\/revisions\/2532"}],"wp:featuredmedia":[{"embeddable":true,"href":"https:\/\/www.ordpsicobas.it\/home\/wp-json\/wp\/v2\/media\/2531"}],"wp:attachment":[{"href":"https:\/\/www.ordpsicobas.it\/home\/wp-json\/wp\/v2\/media?parent=2529"}],"wp:term":[{"taxonomy":"category","embeddable":true,"href":"https:\/\/www.ordpsicobas.it\/home\/wp-json\/wp\/v2\/categories?post=2529"},{"taxonomy":"post_tag","embeddable":true,"href":"https:\/\/www.ordpsicobas.it\/home\/wp-json\/wp\/v2\/tags?post=2529"}],"curies":[{"name":"wp","href":"https:\/\/api.w.org\/{rel}","templated":true}]}}