{"id":1800,"date":"2016-11-02T19:45:26","date_gmt":"2016-11-02T18:45:26","guid":{"rendered":"http:\/\/www.ordpsicobas.it\/home\/?p=1800"},"modified":"2016-11-02T19:45:26","modified_gmt":"2016-11-02T18:45:26","slug":"la-presidente-luisa-langone-plaude-al-progetto-regionale-creopportunita","status":"publish","type":"post","link":"https:\/\/www.ordpsicobas.it\/home\/la-presidente-luisa-langone-plaude-al-progetto-regionale-creopportunita\/","title":{"rendered":"La presidente Luisa Langone plaude al progetto regionale \u201cCreOpportunit\u00e0\u201d"},"content":{"rendered":"<p>\u201cUna notizia che accolgo con grande interesse. \u201cCreOpportunit\u00e0\u201d, il progetto promosso dalla Regione Basilicata che comprende il bando \u201cLiberi Professionisti Start and Growth\u201d, per il quale esprimo il mio personale plauso, \u00e8 senza dubbio una incredibile occasione anche per gli psicologi, di impiego e promozione della propria professionalit\u00e0.<\/p>\n<p>Con la Legge di Stabilit\u00e0, mediante il costante e paziente lavoro della Regione Basilicata, e con l\u2019approvazione di un ordine del giorno del 22\/4\/2014 del consigliere Mario Polese sul\u00a0 \u201cSostegno alla innovazione delle attivit\u00e0 professionali intellettuali\u201d, i liberi professionisti sono stati equiparati alle Pmi e cos\u00ec molti giovani psicologi potranno essere sostenuti nella proposta e nella attuazione dei propri contenitori progettuali.<\/p>\n<p>Una ulteriore attenzione che va proprio nella direzione dell\u2019ascolto e della presa in considerazione di nuove generazioni di professionisti; questa \u00e8 a mio avviso una strategia anche per controvertere la tendenza all\u2019esodo intellettuale dei tanti che lasciano ancora la propria terra in cerca di un futuro fuori dalla regione. I risultati auspicati andranno a vantaggio del benessere dei cittadini, infine, e ci\u00f2 \u00e8 di importanza cruciale, in un momento cos\u00ec delicato sotto diversi profili come quello che stiamo vivendo\u201d.<\/p>\n<p><strong><em>Luisa Langone<\/em><\/strong><\/p>\n","protected":false},"excerpt":{"rendered":"<p>\u201cUna notizia che accolgo con grande interesse. \u201cCreOpportunit\u00e0\u201d, il progetto promosso dalla Regione Basilicata che comprende il bando \u201cLiberi Professionisti Start and Growth\u201d, per il quale esprimo il mio personale plauso, \u00e8 senza dubbio una incredibile occasione anche per gli psicologi, di impiego e promozione della propria professionalit\u00e0. Con la Legge di Stabilit\u00e0, mediante il [&hellip;]<\/p>\n","protected":false},"author":1,"featured_media":766,"comment_status":"closed","ping_status":"closed","sticky":false,"template":"","format":"standard","meta":{"footnotes":""},"categories":[1],"tags":[],"class_list":["post-1800","post","type-post","status-publish","format-standard","has-post-thumbnail","hentry","category-eventi"],"_links":{"self":[{"href":"https:\/\/www.ordpsicobas.it\/home\/wp-json\/wp\/v2\/posts\/1800","targetHints":{"allow":["GET"]}}],"collection":[{"href":"https:\/\/www.ordpsicobas.it\/home\/wp-json\/wp\/v2\/posts"}],"about":[{"href":"https:\/\/www.ordpsicobas.it\/home\/wp-json\/wp\/v2\/types\/post"}],"author":[{"embeddable":true,"href":"https:\/\/www.ordpsicobas.it\/home\/wp-json\/wp\/v2\/users\/1"}],"replies":[{"embeddable":true,"href":"https:\/\/www.ordpsicobas.it\/home\/wp-json\/wp\/v2\/comments?post=1800"}],"version-history":[{"count":1,"href":"https:\/\/www.ordpsicobas.it\/home\/wp-json\/wp\/v2\/posts\/1800\/revisions"}],"predecessor-version":[{"id":1801,"href":"https:\/\/www.ordpsicobas.it\/home\/wp-json\/wp\/v2\/posts\/1800\/revisions\/1801"}],"wp:featuredmedia":[{"embeddable":true,"href":"https:\/\/www.ordpsicobas.it\/home\/wp-json\/wp\/v2\/media\/766"}],"wp:attachment":[{"href":"https:\/\/www.ordpsicobas.it\/home\/wp-json\/wp\/v2\/media?parent=1800"}],"wp:term":[{"taxonomy":"category","embeddable":true,"href":"https:\/\/www.ordpsicobas.it\/home\/wp-json\/wp\/v2\/categories?post=1800"},{"taxonomy":"post_tag","embeddable":true,"href":"https:\/\/www.ordpsicobas.it\/home\/wp-json\/wp\/v2\/tags?post=1800"}],"curies":[{"name":"wp","href":"https:\/\/api.w.org\/{rel}","templated":true}]}}