{"id":1740,"date":"2016-10-06T10:58:51","date_gmt":"2016-10-06T08:58:51","guid":{"rendered":"http:\/\/www.ordpsicobas.it\/home\/?p=1740"},"modified":"2016-10-06T11:09:00","modified_gmt":"2016-10-06T09:09:00","slug":"giornata-nazionale-della-psicologia-potenza-9-ottobre-2016","status":"publish","type":"post","link":"https:\/\/www.ordpsicobas.it\/home\/giornata-nazionale-della-psicologia-potenza-9-ottobre-2016\/","title":{"rendered":"Giornata Nazionale della Psicologia &#8211; Potenza 9 ottobre 2016"},"content":{"rendered":"<p>L&#8217;Ordine degli Psicologi della Basilicata , nell&#8217;ambito della Giornata Nazionale della Psicologia ha organizzato a<\/p>\n<p>Potenza in Piazza Mario Pagano una \u00a0Mostra fotografica dedicata alla Psicologia sul tema : <strong><span style=\"color: #0000ff;\">La Psicologia \u00e8 ovunque<\/span><\/strong><\/p>\n<p>Apertura ore <span style=\"color: #0000ff;\"><strong>16:30<\/strong><\/span><\/p>\n<p>Nell&#8217;ambito della stessa manfiestazione l&#8217;utenza potr\u00e0 sottoporsi al Test : &#8220;<span style=\"color: #0000ff;\"><strong>Quanto benessere c&#8217;\u00e8 nella tua vita&#8221;\u00a0<\/strong><\/span><\/p>\n<p><strong><span style=\"color: #0000ff;\">(il testa sar\u00e0 somministrato con una modalit\u00e0 innovativa integrata al percorso fotografico)<\/span><\/strong><\/p>\n<p><a href=\"https:\/\/www.ordpsicobas.it\/home\/wp-content\/uploads\/2016\/10\/Giornata-Naz.-Psicologi-def9otto.pdf\">Brochure Manifestazione<\/a><\/p>\n<p>Per l&#8217;occasione la pagina facebook del&#8217;Ordine \u00e8 interamente dedicata alla manifestazione: condividi :<\/p>\n<p><a href=\"https:\/\/www.facebook.com\/ordinepsicologibasilicata\/\">https:\/\/www.facebook.com\/ordinepsicologibasilicata\/<\/a><\/p>\n<p><a href=\"https:\/\/www.facebook.com\/ordinepsicologibasilicata\/ \"><img loading=\"lazy\" decoding=\"async\" class=\"alignnone  wp-image-1745\" src=\"https:\/\/www.ordpsicobas.it\/home\/wp-content\/uploads\/2016\/10\/LogoFacebook.jpg\" alt=\"logofacebook\" width=\"63\" height=\"63\" \/><\/a><\/p>\n<p>&nbsp;<\/p>\n<p>Interviste Ordine Psicologi Basilicata https:\/\/www.youtube.com\/watch?v=arLTFIZ37_U<\/p>\n<p><a href=\"https:\/\/www.youtube.com\/watch?v=arLTFIZ37_U\"> \u00a0<img loading=\"lazy\" decoding=\"async\" class=\"alignnone  wp-image-1749\" src=\"https:\/\/www.ordpsicobas.it\/home\/wp-content\/uploads\/2016\/10\/logoyoutube.png\" alt=\"logoyoutube\" width=\"106\" height=\"66\" \/><\/a><\/p>\n<p>La manifestazione viene promossa da CNOP \u00a0attraverso il sito Nazionale \u00a0<a href=\"http:\/\/www.psy.it\/giornatapsicologia\/\">http:\/\/www.psy.it\/giornatapsicologia\/<\/a><\/p>\n","protected":false},"excerpt":{"rendered":"<p>L&#8217;Ordine degli Psicologi della Basilicata , nell&#8217;ambito della Giornata Nazionale della Psicologia ha organizzato a Potenza in Piazza Mario Pagano una \u00a0Mostra fotografica dedicata alla Psicologia sul tema : La Psicologia \u00e8 ovunque Apertura ore 16:30 Nell&#8217;ambito della stessa manfiestazione l&#8217;utenza potr\u00e0 sottoporsi al Test : &#8220;Quanto benessere c&#8217;\u00e8 nella tua vita&#8221;\u00a0 (il testa sar\u00e0 [&hellip;]<\/p>\n","protected":false},"author":1,"featured_media":1742,"comment_status":"closed","ping_status":"closed","sticky":false,"template":"","format":"standard","meta":{"footnotes":""},"categories":[1],"tags":[],"class_list":["post-1740","post","type-post","status-publish","format-standard","has-post-thumbnail","hentry","category-eventi"],"_links":{"self":[{"href":"https:\/\/www.ordpsicobas.it\/home\/wp-json\/wp\/v2\/posts\/1740","targetHints":{"allow":["GET"]}}],"collection":[{"href":"https:\/\/www.ordpsicobas.it\/home\/wp-json\/wp\/v2\/posts"}],"about":[{"href":"https:\/\/www.ordpsicobas.it\/home\/wp-json\/wp\/v2\/types\/post"}],"author":[{"embeddable":true,"href":"https:\/\/www.ordpsicobas.it\/home\/wp-json\/wp\/v2\/users\/1"}],"replies":[{"embeddable":true,"href":"https:\/\/www.ordpsicobas.it\/home\/wp-json\/wp\/v2\/comments?post=1740"}],"version-history":[{"count":7,"href":"https:\/\/www.ordpsicobas.it\/home\/wp-json\/wp\/v2\/posts\/1740\/revisions"}],"predecessor-version":[{"id":1751,"href":"https:\/\/www.ordpsicobas.it\/home\/wp-json\/wp\/v2\/posts\/1740\/revisions\/1751"}],"wp:featuredmedia":[{"embeddable":true,"href":"https:\/\/www.ordpsicobas.it\/home\/wp-json\/wp\/v2\/media\/1742"}],"wp:attachment":[{"href":"https:\/\/www.ordpsicobas.it\/home\/wp-json\/wp\/v2\/media?parent=1740"}],"wp:term":[{"taxonomy":"category","embeddable":true,"href":"https:\/\/www.ordpsicobas.it\/home\/wp-json\/wp\/v2\/categories?post=1740"},{"taxonomy":"post_tag","embeddable":true,"href":"https:\/\/www.ordpsicobas.it\/home\/wp-json\/wp\/v2\/tags?post=1740"}],"curies":[{"name":"wp","href":"https:\/\/api.w.org\/{rel}","templated":true}]}}