{"id":1667,"date":"2016-06-01T12:54:22","date_gmt":"2016-06-01T10:54:22","guid":{"rendered":"http:\/\/www.ordpsicobas.it\/home\/?p=1667"},"modified":"2016-06-13T11:29:23","modified_gmt":"2016-06-13T09:29:23","slug":"i-venerdi-della-psicologia-primo-incontro-3-giugno-2016","status":"publish","type":"post","link":"https:\/\/www.ordpsicobas.it\/home\/i-venerdi-della-psicologia-primo-incontro-3-giugno-2016\/","title":{"rendered":"I VENERDI DELLA PSICOLOGIA &#8211; Primo incontro 3 Giugno 2016"},"content":{"rendered":"<div>\n<div><span style=\"font-size: 10pt;\">Titolo :\u00a0<strong><span style=\"color: #800000;\">ECM : FACCIAMO CHIAREZZA<\/span><\/strong><\/span><\/div>\n<div><span style=\"font-size: 10pt;\">\u00a0<\/span><\/div>\n<div><span style=\"font-size: 10pt;\"><span style=\"color: #000080;\">Venerd\u00ec <span style=\"color: #800000;\">3 giugno p.v.<\/span> si svolger\u00e0 il primo incontro del ciclo\u00a0\u00a0<\/span><span style=\"color: #000080;\"> <span style=\"text-decoration: underline;\">&#8220;<\/span><strong><span style=\"text-decoration: underline;\"> I Venerd\u00ec della Psicologia &#8211; aspetti pratici della profession<\/span>e<\/strong>&#8221; .<\/span><\/span><\/div>\n<\/div>\n<div>\n<div><span style=\"font-size: 10pt;\">Nel corso dell&#8217;incontro <span style=\"text-decoration: underline;\">che si terr\u00e0 presso la sede dell&#8217;Ordine con inizio alle ore 16:00<\/span> verr\u00e0 presentata l&#8217;iniziativa legata essenzialmente ad analizzare gli aspetti pratici del nostro lavoro .<\/span><\/div>\n<div><span style=\"font-size: 10pt;\">\u00a0<\/span><\/div>\n<div><span style=\"font-size: 10pt;\">Il primo incontro, come anticipato, sar\u00e0 legato alle <span style=\"color: #800000;\">tematiche dell&#8217;aggiornamento ECM (<em>obblighi , aspetti giuridici deontologici e professionali)<\/em><\/span><\/span><\/div>\n<div><span style=\"font-size: 10pt;\">\u00a0<\/span><\/div>\n<div><span style=\"font-size: 10pt;\">Certa della Tua presenza Ti Saluto cordialmente<\/span><\/div>\n<div><span style=\"font-size: 10pt;\">\u00a0<\/span><\/div>\n<div><span style=\"font-size: 10pt;\">qui di seguito\u00a0il programma completo degli incontri :<\/span><\/div>\n<div><span style=\"font-size: 10pt;\">\u00a0<\/span><\/div>\n<div><span style=\"color: #800000; font-size: 10pt;\"><span style=\"text-decoration: underline;\">3 giugno 2016\u00a0 ore 16:00 ECM &#8211; FACCIAMO CHIAREZZA\u00a0 &#8211; ore 16:00<\/span><\/span><\/div>\n<div><span style=\"font-size: 10pt;\">\u00a0<\/span><\/div>\n<div><span style=\"color: #800000; font-size: 10pt;\">15 luglio 2016 &#8211; ore 16:00 AVVIO ATTIVITA&#8217; PROFESSIONALE : Aspetti pratici burocratici e fiscali. ore 16:00<\/span><\/div>\n<div><span style=\"font-size: 10pt;\">\u00a0<\/span><\/div>\n<div><span style=\"color: #800000; font-size: 10pt;\">9 settembre 2016 ore 16:00\u00a0 CONSENSO INFORMATO\u00a0E GESTIONE DELLA CARTELLA DEL PAZIENTE\u00a0ore 16:00<\/span><\/div>\n<div><span style=\"font-size: 10pt;\">\u00a0<\/span><\/div>\n<div><span style=\"color: #800000; font-size: 10pt;\">14 ottobre 2016 ore 16:00 ENPAP : COME FUNZIONA IL NOSTRO ENTE DI PREVIDENZA ore 16:00<\/span><\/div>\n<div><span style=\"font-size: 10pt;\">\u00a0<\/span><\/div>\n<div><span style=\"color: #800000; font-size: 10pt;\">18 novembre 2016 ore 16:00 PRIVACY E GESTIONE DELLO STUDIO PROFESSIONALE ore 16:00<\/span><\/div>\n<div><span style=\"font-size: 12pt;\">\u00a0<\/span><\/div>\n<\/div>\n","protected":false},"excerpt":{"rendered":"<p>Titolo :\u00a0ECM : FACCIAMO CHIAREZZA \u00a0 Venerd\u00ec 3 giugno p.v. si svolger\u00e0 il primo incontro del ciclo\u00a0\u00a0 &#8220; I Venerd\u00ec della Psicologia &#8211; aspetti pratici della professione&#8221; . Nel corso dell&#8217;incontro che si terr\u00e0 presso la sede dell&#8217;Ordine con inizio alle ore 16:00 verr\u00e0 presentata l&#8217;iniziativa legata essenzialmente ad analizzare gli aspetti pratici del nostro [&hellip;]<\/p>\n","protected":false},"author":1,"featured_media":489,"comment_status":"closed","ping_status":"closed","sticky":false,"template":"","format":"standard","meta":{"footnotes":""},"categories":[1],"tags":[],"class_list":["post-1667","post","type-post","status-publish","format-standard","has-post-thumbnail","hentry","category-eventi"],"_links":{"self":[{"href":"https:\/\/www.ordpsicobas.it\/home\/wp-json\/wp\/v2\/posts\/1667","targetHints":{"allow":["GET"]}}],"collection":[{"href":"https:\/\/www.ordpsicobas.it\/home\/wp-json\/wp\/v2\/posts"}],"about":[{"href":"https:\/\/www.ordpsicobas.it\/home\/wp-json\/wp\/v2\/types\/post"}],"author":[{"embeddable":true,"href":"https:\/\/www.ordpsicobas.it\/home\/wp-json\/wp\/v2\/users\/1"}],"replies":[{"embeddable":true,"href":"https:\/\/www.ordpsicobas.it\/home\/wp-json\/wp\/v2\/comments?post=1667"}],"version-history":[{"count":2,"href":"https:\/\/www.ordpsicobas.it\/home\/wp-json\/wp\/v2\/posts\/1667\/revisions"}],"predecessor-version":[{"id":1677,"href":"https:\/\/www.ordpsicobas.it\/home\/wp-json\/wp\/v2\/posts\/1667\/revisions\/1677"}],"wp:featuredmedia":[{"embeddable":true,"href":"https:\/\/www.ordpsicobas.it\/home\/wp-json\/wp\/v2\/media\/489"}],"wp:attachment":[{"href":"https:\/\/www.ordpsicobas.it\/home\/wp-json\/wp\/v2\/media?parent=1667"}],"wp:term":[{"taxonomy":"category","embeddable":true,"href":"https:\/\/www.ordpsicobas.it\/home\/wp-json\/wp\/v2\/categories?post=1667"},{"taxonomy":"post_tag","embeddable":true,"href":"https:\/\/www.ordpsicobas.it\/home\/wp-json\/wp\/v2\/tags?post=1667"}],"curies":[{"name":"wp","href":"https:\/\/api.w.org\/{rel}","templated":true}]}}