{"id":1454,"date":"2015-12-01T13:08:28","date_gmt":"2015-12-01T12:08:28","guid":{"rendered":"http:\/\/www.ordpsicobas.it\/home\/?p=1454"},"modified":"2015-12-15T09:21:07","modified_gmt":"2015-12-15T08:21:07","slug":"segnalazione-eventi-matera-2-dicembre-2015","status":"publish","type":"post","link":"https:\/\/www.ordpsicobas.it\/home\/segnalazione-eventi-matera-2-dicembre-2015\/","title":{"rendered":"Segnalazione Eventi: Matera 2 dicembre 2015"},"content":{"rendered":"<p>Si segnala che il giorno <span style=\"color: #000080;\"><strong>2 dicembre 2015<\/strong><\/span> presso la <span style=\"color: #000080;\"><strong>Sala &#8220;E. Coretti&#8221;<\/strong> <\/span>della ASM in <em><span style=\"color: #000080;\">Via Montescaglioso a Matera<\/span> <\/em>si svolger\u00e0 un seminario su : <strong><span style=\"color: #000080;\">&#8220;I DISTURBI DELLO SPETTRO AUTISTICO&#8221;<\/span><\/strong><\/p>\n<p>L&#8217;evento, che avr\u00e0 inizio <span style=\"color: #000080;\"><strong>alle ore 9:00<\/strong> <\/span><em><span style=\"text-decoration: underline; color: #000080;\">\u00e8 stato patrocinato da quest&#8217;Ordine.<\/span><\/em><\/p>\n<p><a href=\"https:\/\/www.ordpsicobas.it\/home\/wp-content\/uploads\/2015\/12\/AUTISMO-2-DICEMBRE-1.pdf\">Scarica Locandina<\/a><\/p>\n","protected":false},"excerpt":{"rendered":"<p>Si segnala che il giorno 2 dicembre 2015 presso la Sala &#8220;E. Coretti&#8221; della ASM in Via Montescaglioso a Matera si svolger\u00e0 un seminario su : &#8220;I DISTURBI DELLO SPETTRO AUTISTICO&#8221; L&#8217;evento, che avr\u00e0 inizio alle ore 9:00 \u00e8 stato patrocinato da quest&#8217;Ordine. Scarica Locandina<\/p>\n","protected":false},"author":1,"featured_media":1062,"comment_status":"closed","ping_status":"closed","sticky":false,"template":"","format":"standard","meta":{"footnotes":""},"categories":[1],"tags":[],"class_list":["post-1454","post","type-post","status-publish","format-standard","has-post-thumbnail","hentry","category-eventi"],"_links":{"self":[{"href":"https:\/\/www.ordpsicobas.it\/home\/wp-json\/wp\/v2\/posts\/1454","targetHints":{"allow":["GET"]}}],"collection":[{"href":"https:\/\/www.ordpsicobas.it\/home\/wp-json\/wp\/v2\/posts"}],"about":[{"href":"https:\/\/www.ordpsicobas.it\/home\/wp-json\/wp\/v2\/types\/post"}],"author":[{"embeddable":true,"href":"https:\/\/www.ordpsicobas.it\/home\/wp-json\/wp\/v2\/users\/1"}],"replies":[{"embeddable":true,"href":"https:\/\/www.ordpsicobas.it\/home\/wp-json\/wp\/v2\/comments?post=1454"}],"version-history":[{"count":3,"href":"https:\/\/www.ordpsicobas.it\/home\/wp-json\/wp\/v2\/posts\/1454\/revisions"}],"predecessor-version":[{"id":1459,"href":"https:\/\/www.ordpsicobas.it\/home\/wp-json\/wp\/v2\/posts\/1454\/revisions\/1459"}],"wp:featuredmedia":[{"embeddable":true,"href":"https:\/\/www.ordpsicobas.it\/home\/wp-json\/wp\/v2\/media\/1062"}],"wp:attachment":[{"href":"https:\/\/www.ordpsicobas.it\/home\/wp-json\/wp\/v2\/media?parent=1454"}],"wp:term":[{"taxonomy":"category","embeddable":true,"href":"https:\/\/www.ordpsicobas.it\/home\/wp-json\/wp\/v2\/categories?post=1454"},{"taxonomy":"post_tag","embeddable":true,"href":"https:\/\/www.ordpsicobas.it\/home\/wp-json\/wp\/v2\/tags?post=1454"}],"curies":[{"name":"wp","href":"https:\/\/api.w.org\/{rel}","templated":true}]}}