{"id":1181,"date":"2015-06-04T20:08:56","date_gmt":"2015-06-04T18:08:56","guid":{"rendered":"http:\/\/www.ordpsicobas.it\/home\/?p=1181"},"modified":"2015-06-05T13:55:30","modified_gmt":"2015-06-05T11:55:30","slug":"20-giugno-2015-convegno-ecm-attaccamento-e-dipendenza-affettiva","status":"publish","type":"post","link":"https:\/\/www.ordpsicobas.it\/home\/20-giugno-2015-convegno-ecm-attaccamento-e-dipendenza-affettiva\/","title":{"rendered":"Sabato 20 giugno 2015 Convegno ECM &#8220;Attaccamento e Dipendenza affettiva&#8221;"},"content":{"rendered":"<p><strong>Sabato 20 giugno 2015 , con inizio alle ore 9:00<\/strong>, \u00a0presso la sede dell\u2019 <strong>Ordine \u00a0\u2013 via della Chimica, 61 \u2013 Potenza<\/strong>, si svolger\u00e0 un\u00a0<strong>convegno ECM<\/strong>\u00a0dal titolo :<\/p>\n<p><span style=\"color: #000080;\"><strong>\u201cAttaccamento e Dipendenza affettiva\u201d<\/strong><\/span><\/p>\n<p>Relatrice principale del convegno sar\u00e0 la Prof.ssa <strong>Grazia Attili<\/strong> dell&#8217;Universit\u00e0 La Sapienza di Roma<\/p>\n<p>Il seminario \u00e8 accreditato ECM<\/p>\n<p><a href=\"https:\/\/www.ordpsicobas.it\/home\/wp-content\/uploads\/2015\/06\/2015_0000520_ISCRITTI_Circolare009_EventoECM_Attaccamento20giugno_full1.pdf\">Download Circolare Esplicativa N\u00b0 2015-009<\/a><\/p>\n<p><a href=\"https:\/\/www.ordpsicobas.it\/home\/wp-content\/uploads\/2015\/06\/SchedaAdesione201506201.doc\">Download SchedaAdesione in formato Word<\/a><\/p>\n<p><a href=\"https:\/\/www.ordpsicobas.it\/home\/wp-content\/uploads\/2015\/06\/SchedaAdesione201506201.pdf\">Download SchedaAdesione in formato pdf<\/a><\/p>\n","protected":false},"excerpt":{"rendered":"<p>Sabato 20 giugno 2015 , con inizio alle ore 9:00, \u00a0presso la sede dell\u2019 Ordine \u00a0\u2013 via della Chimica, 61 \u2013 Potenza, si svolger\u00e0 un\u00a0convegno ECM\u00a0dal titolo : \u201cAttaccamento e Dipendenza affettiva\u201d Relatrice principale del convegno sar\u00e0 la Prof.ssa Grazia Attili dell&#8217;Universit\u00e0 La Sapienza di Roma Il seminario \u00e8 accreditato ECM Download Circolare Esplicativa N\u00b0 [&hellip;]<\/p>\n","protected":false},"author":1,"featured_media":1180,"comment_status":"closed","ping_status":"closed","sticky":false,"template":"","format":"standard","meta":{"footnotes":""},"categories":[1],"tags":[],"class_list":["post-1181","post","type-post","status-publish","format-standard","has-post-thumbnail","hentry","category-eventi"],"_links":{"self":[{"href":"https:\/\/www.ordpsicobas.it\/home\/wp-json\/wp\/v2\/posts\/1181","targetHints":{"allow":["GET"]}}],"collection":[{"href":"https:\/\/www.ordpsicobas.it\/home\/wp-json\/wp\/v2\/posts"}],"about":[{"href":"https:\/\/www.ordpsicobas.it\/home\/wp-json\/wp\/v2\/types\/post"}],"author":[{"embeddable":true,"href":"https:\/\/www.ordpsicobas.it\/home\/wp-json\/wp\/v2\/users\/1"}],"replies":[{"embeddable":true,"href":"https:\/\/www.ordpsicobas.it\/home\/wp-json\/wp\/v2\/comments?post=1181"}],"version-history":[{"count":11,"href":"https:\/\/www.ordpsicobas.it\/home\/wp-json\/wp\/v2\/posts\/1181\/revisions"}],"predecessor-version":[{"id":1198,"href":"https:\/\/www.ordpsicobas.it\/home\/wp-json\/wp\/v2\/posts\/1181\/revisions\/1198"}],"wp:featuredmedia":[{"embeddable":true,"href":"https:\/\/www.ordpsicobas.it\/home\/wp-json\/wp\/v2\/media\/1180"}],"wp:attachment":[{"href":"https:\/\/www.ordpsicobas.it\/home\/wp-json\/wp\/v2\/media?parent=1181"}],"wp:term":[{"taxonomy":"category","embeddable":true,"href":"https:\/\/www.ordpsicobas.it\/home\/wp-json\/wp\/v2\/categories?post=1181"},{"taxonomy":"post_tag","embeddable":true,"href":"https:\/\/www.ordpsicobas.it\/home\/wp-json\/wp\/v2\/tags?post=1181"}],"curies":[{"name":"wp","href":"https:\/\/api.w.org\/{rel}","templated":true}]}}